{"id":689,"date":"2018-03-23T09:19:31","date_gmt":"2018-03-23T08:19:31","guid":{"rendered":"http:\/\/www.digitalbuero.at\/content\/?p=689"},"modified":"2021-07-22T02:51:04","modified_gmt":"2021-07-22T00:51:04","slug":"10-jahre-elements-sag-leise-baba","status":"publish","type":"post","link":"https:\/\/www.digitalbuero.at\/content\/2018\/03\/23\/10-jahre-elements-sag-leise-baba\/","title":{"rendered":"10 Jahre elements: Sag leise Baba"},"content":{"rendered":"<p>&#8222;Hallo, ich bin Thomas von elements&#8220;. Fast 10 Jahre \u2013 und damit ein Viertel meines Lebens sowie praktisch ein halbes Arbeitsleben lang \u2013 habe ich Kunden, Gesch\u00e4ftspartner und potenzielle Kolleg\/Innen so oder \u00e4hnlich begr\u00fc\u00dft. Warum ich mich entschieden habe, im Jahr 2018 neue Wege einzuschlagen und damit den <em>beruflichen Adelstitel &#8222;&#8230;\u00a0von elements&#8220;<\/em> abzulegen? Hier eine kleine Reflexion.<!--more--><\/p>\n<h2>Von Null auf Hundert<\/h2>\n<p>Besser gesagt von 2 auf 20. Auf gut 20 Kolleg\/Innen habe ich n\u00e4mlich seit Ende 2008 das Marketing-Team der <a href=\"https:\/\/www.elements.at\" target=\"_blank\" rel=\"noopener\">Internet-Agentur elements.at<\/a> in Salzburg aufgebaut. Quasi &#8222;10x&#8220;, ganz frei nach dem <a href=\"https:\/\/www.wired.com\/2013\/02\/moonshots-matter-heres-how-to-make-them-happen\/\" target=\"_blank\" rel=\"noopener\">Google Motto<\/a>. Sowas kann einem nur gelingen mit jeder Menge Unterst\u00fctzung und Vertrauen aus dem Unternehmen, vor allem seitens den Gesch\u00e4ftsf\u00fchrern und Partnern. Und nat\u00fcrlich schafft man ein solches Wachstum nicht ohne dem Zuspruch von einer Vielzahl von Kunden aus unterschiedlichsten Branchen. Und schon gar nicht ohne begeisterte, junge und motivierte Mitstreiter\/Innen, die das Team um einen schlie\u00dflich bilden.<\/p>\n<blockquote><p>&#8222;Wenn Du schnell gehen willst, geh allein.<br \/>\nWenn Du weit gehen willst, geh mit anderen.&#8220;<br \/>\n\u2013 Afrikanisches Sprichwort<\/p><\/blockquote>\n<h2>Von H\u00f6hen und Tiefen<\/h2>\n<p>Surfer wissen, dass das Leben nicht nur aus einer einzigen Welle besteht. Und auch als &#8222;Internetsurfer&#8220; in meinen vergangenen zehn Agenturjahren war das Wasser zwischendurch mal k\u00e4lter und der Himmel mal tr\u00fcber, als es einem das <a href=\"https:\/\/www.youtube.com\/watch?v=GSQoHlFDweM\" target=\"_blank\" rel=\"noopener\">Baywatch-Serienintro<\/a> vermittelt. Man durfte in schwereren Zeiten nur nicht vergessen, dass bald wieder die n\u00e4chste Erfolgswelle im Anmarsch war.<\/p>\n<figure id=\"attachment_710\" aria-describedby=\"caption-attachment-710\" style=\"width: 660px\" class=\"wp-caption aligncenter\"><a href=\"http:\/\/www.digitalbuero.at\/content\/wp-content\/uploads\/2018\/03\/IMG_5206a.jpg\" rel=\"lightbox[689]\"><img decoding=\"async\" class=\"wp-image-710 size-large\" title=\"Rafting am Summersplash 2009\" src=\"http:\/\/www.digitalbuero.at\/content\/wp-content\/uploads\/2018\/03\/IMG_5206a-1024x683.jpg\" alt=\"Rafting am Summersplash 2009\" width=\"660\" height=\"440\" srcset=\"https:\/\/www.digitalbuero.at\/content\/wp-content\/uploads\/2018\/03\/IMG_5206a-1024x683.jpg 1024w, https:\/\/www.digitalbuero.at\/content\/wp-content\/uploads\/2018\/03\/IMG_5206a-300x200.jpg 300w, https:\/\/www.digitalbuero.at\/content\/wp-content\/uploads\/2018\/03\/IMG_5206a-768x512.jpg 768w, https:\/\/www.digitalbuero.at\/content\/wp-content\/uploads\/2018\/03\/IMG_5206a.jpg 1600w\" sizes=\"(max-width: 660px) 100vw, 660px\" \/><\/a><figcaption id=\"caption-attachment-710\" class=\"wp-caption-text\">elements Summersplash: Rafting auf der Salzach<\/figcaption><\/figure>\n<p>Oder noch viel besser, dass in unserer dynamischen Branche auch vermeintlich kleine Erfolge <em>\u00fcberdurchschnittlich<\/em> <em>erfolgreich<\/em> waren, w\u00e4hrend zwischenzeitliche Misserfolge h\u00f6chstens kurz mal als <em>lehrreich<\/em> einsortiert und abgehakt wurden. Was bleibt, sind vor allem die vielen positiven Erinnerungen und Erlebnisse, denn wer hart arbeitet, darf auch das eine oder andere Mal etwas ausgiebiger feiern. ;)<\/p>\n<figure id=\"attachment_694\" aria-describedby=\"caption-attachment-694\" style=\"width: 660px\" class=\"wp-caption aligncenter\"><a href=\"http:\/\/www.digitalbuero.at\/content\/wp-content\/uploads\/2018\/03\/thomas-sommerfest-gusswerk-2017.jpg\" rel=\"lightbox[689]\"><img decoding=\"async\" class=\"wp-image-694 size-large\" title=\"Thomas mit dem Google- und elements-Team am Gusswerk Sommerfest 2017\" src=\"http:\/\/www.digitalbuero.at\/content\/wp-content\/uploads\/2018\/03\/thomas-sommerfest-gusswerk-2017-1024x683.jpg\" alt=\"Thomas mit dem Google- und elements-Team am Gusswerk Sommerfest 2017\" width=\"660\" height=\"440\" srcset=\"https:\/\/www.digitalbuero.at\/content\/wp-content\/uploads\/2018\/03\/thomas-sommerfest-gusswerk-2017-1024x683.jpg 1024w, https:\/\/www.digitalbuero.at\/content\/wp-content\/uploads\/2018\/03\/thomas-sommerfest-gusswerk-2017-300x200.jpg 300w, https:\/\/www.digitalbuero.at\/content\/wp-content\/uploads\/2018\/03\/thomas-sommerfest-gusswerk-2017-768x512.jpg 768w, https:\/\/www.digitalbuero.at\/content\/wp-content\/uploads\/2018\/03\/thomas-sommerfest-gusswerk-2017.jpg 1600w\" sizes=\"(max-width: 660px) 100vw, 660px\" \/><\/a><figcaption id=\"caption-attachment-694\" class=\"wp-caption-text\">Mit dem Team von elements und unseren Google-Experten aus Dublin am Gusswerk Sommerfest<\/figcaption><\/figure>\n<p>In bester Erinnerung bleibt mir auch unser Marketing-Kundenevent <a href=\"https:\/\/www.ots.at\/presseaussendung\/OTS_20170626_OTS0005\/elements-kundenevent-get-connected-ein-voller-erfolg-bild\" target=\"_blank\" rel=\"noopener\">Get Connected!<\/a>: Das Veranstaltungsmotto zu 100% erf\u00fcllt haben im Fr\u00fchjahr 2017 knapp hundert Menschen \u2013 Kunden, viele Partnerunternehmen und das elements-Marketingteam \u2013 an 2 Tagen gespickt mit einem bunten Konferenz- und Abendprogramm im elements-Office. So ein Highlight kann man nur gemeinsam aufstellen!<\/p>\n<figure id=\"attachment_701\" aria-describedby=\"caption-attachment-701\" style=\"width: 660px\" class=\"wp-caption aligncenter\"><a href=\"http:\/\/www.digitalbuero.at\/content\/wp-content\/uploads\/2018\/03\/elements-get-connected-2017.jpg\" rel=\"lightbox[689]\"><img decoding=\"async\" class=\"wp-image-701 size-large\" title=\"elements Get Connected! 2017\" src=\"http:\/\/www.digitalbuero.at\/content\/wp-content\/uploads\/2018\/03\/elements-get-connected-2017-1024x573.jpg\" alt=\"elements Get Connected! 2017\" width=\"660\" height=\"369\" srcset=\"https:\/\/www.digitalbuero.at\/content\/wp-content\/uploads\/2018\/03\/elements-get-connected-2017-1024x573.jpg 1024w, https:\/\/www.digitalbuero.at\/content\/wp-content\/uploads\/2018\/03\/elements-get-connected-2017-300x168.jpg 300w, https:\/\/www.digitalbuero.at\/content\/wp-content\/uploads\/2018\/03\/elements-get-connected-2017-768x430.jpg 768w, https:\/\/www.digitalbuero.at\/content\/wp-content\/uploads\/2018\/03\/elements-get-connected-2017.jpg 1067w\" sizes=\"(max-width: 660px) 100vw, 660px\" \/><\/a><figcaption id=\"caption-attachment-701\" class=\"wp-caption-text\">Mit Kunden, Partnern und dem elements-Team auf der Veranstaltung &#8222;Get Connected! 2017&#8220;<\/figcaption><\/figure>\n<p>Was f\u00fcr mich der beste Beweis daf\u00fcr ist, dass unser t\u00e4gliches Gesch\u00e4ft nur ganz wenig mit Computern und Technik, sondern sehr viel mehr mit Menschen und Beziehungen zu tun hat. In dieser Hinsicht habe ich \u2013 neben einer Menge fachlicher Aus- und Weiterbildungen \u2013 in der Agentur am meisten dazugelernt.<\/p>\n<h2>Von der Skipiste ins Silicon Valley<\/h2>\n<p>Als ich 2008 bei elements begonnen habe, habe ich eigentlich &#8222;nur&#8220; eine geh\u00f6rige Portion an Begeisterung f\u00fcr Online- und Suchmaschinenmarketing mitgebracht. Wohin mich diese im Lauf der Jahre f\u00fchren w\u00fcrde, das lie\u00df sich zu Beginn noch nicht erahnen. Ich habe jedoch immer versucht, meine vorherigen Eindr\u00fccke aus Verlagen, kleinen Marketingteams und gro\u00dfen Konzernen bestm\u00f6glich einzubringen \u2013 bei maximalem Fokus darauf, Erfahrungen aus der Vergangenheit mit maximaler Neugier f\u00fcr alles was vor uns liegt zu kombinieren. Ich war einfach immer mit Leidenschaft bei der Sache, inklusive vielen aufregenden Gesch\u00e4ftsreisen, die jedes Mal wieder neue Feuer entfacht und mich so immer mindestens einen Schritt weiter gebracht haben.<\/p>\n<figure id=\"attachment_700\" aria-describedby=\"caption-attachment-700\" style=\"width: 660px\" class=\"wp-caption aligncenter\"><a href=\"http:\/\/www.digitalbuero.at\/content\/wp-content\/uploads\/2018\/03\/thomas-roland-google-mountain-view.jpg\" rel=\"lightbox[689]\"><img decoding=\"async\" class=\"wp-image-700 size-large\" title=\"Thomas und Roland bei Google in Mountain View\" src=\"http:\/\/www.digitalbuero.at\/content\/wp-content\/uploads\/2018\/03\/thomas-roland-google-mountain-view-1024x683.jpg\" alt=\"Thomas und Roland bei Google in Mountain View\" width=\"660\" height=\"440\" srcset=\"https:\/\/www.digitalbuero.at\/content\/wp-content\/uploads\/2018\/03\/thomas-roland-google-mountain-view-1024x683.jpg 1024w, https:\/\/www.digitalbuero.at\/content\/wp-content\/uploads\/2018\/03\/thomas-roland-google-mountain-view-300x200.jpg 300w, https:\/\/www.digitalbuero.at\/content\/wp-content\/uploads\/2018\/03\/thomas-roland-google-mountain-view-768x512.jpg 768w, https:\/\/www.digitalbuero.at\/content\/wp-content\/uploads\/2018\/03\/thomas-roland-google-mountain-view.jpg 1600w\" sizes=\"(max-width: 660px) 100vw, 660px\" \/><\/a><figcaption id=\"caption-attachment-700\" class=\"wp-caption-text\">Fr\u00fches Highlight ab 2009: Gemeinsam mit Roland beim Analytics Summit im Google Headquarter in Mountain View<\/figcaption><\/figure>\n<p><a href=\"http:\/\/www.digitalbuero.at\/content\/category\/unterwegs\/reiseblog\/\" target=\"_blank\" rel=\"noopener\">San Francisco<\/a>, New York, Dublin, Berlin, M\u00fcnchen, Wien \u2013 was klingt wie ein Auszug aus dem Tagebuch eines Weltenbummlers ist nichts anderes als eine Aufz\u00e4hlung der Google-B\u00fcros und Event-Locations des Suchmaschinenriesen, die ich im Lauf der Jahre im Namen der Agentur elements besuchen durfte&#8230; Eine Besonderheit, die bestimmt nicht bei jedem Arbeitgeber m\u00f6glich gewesen w\u00e4re. Und eine wichtige Basis f\u00fcr Vieles, was ich heute zu meinem Wissens- und Erfahrungsschatz z\u00e4hlen darf.<\/p>\n<blockquote>\n<p class=\"blog_detail_headline\">&#8222;Die Welt ist ein Buch. Wer nie reist, sieht nur eine Seite davon.&#8220;\u00a0\u2013\u00a0Aurelius Augustinus<\/p>\n<\/blockquote>\n<figure id=\"attachment_706\" aria-describedby=\"caption-attachment-706\" style=\"width: 660px\" class=\"wp-caption aligncenter\"><a href=\"http:\/\/www.digitalbuero.at\/content\/wp-content\/uploads\/2018\/03\/thomas-skifahren-zell-am-see.jpg\" rel=\"lightbox[689]\"><img decoding=\"async\" class=\"wp-image-706 size-large\" title=\"Prost in Zell am See Kaprun\" src=\"http:\/\/www.digitalbuero.at\/content\/wp-content\/uploads\/2018\/03\/thomas-skifahren-zell-am-see-1024x683.jpg\" alt=\"Prost in Zell am See Kaprun\" width=\"660\" height=\"440\" srcset=\"https:\/\/www.digitalbuero.at\/content\/wp-content\/uploads\/2018\/03\/thomas-skifahren-zell-am-see-1024x683.jpg 1024w, https:\/\/www.digitalbuero.at\/content\/wp-content\/uploads\/2018\/03\/thomas-skifahren-zell-am-see-300x200.jpg 300w, https:\/\/www.digitalbuero.at\/content\/wp-content\/uploads\/2018\/03\/thomas-skifahren-zell-am-see-768x512.jpg 768w, https:\/\/www.digitalbuero.at\/content\/wp-content\/uploads\/2018\/03\/thomas-skifahren-zell-am-see.jpg 1600w\" sizes=\"(max-width: 660px) 100vw, 660px\" \/><\/a><figcaption id=\"caption-attachment-706\" class=\"wp-caption-text\">&#8222;Prost!&#8220; hie\u00df es nach dem erfolgreichen Kundentermin auf der Piste in Zell am See-Kaprun<\/figcaption><\/figure>\n<h2>Von Los Angeles nach Las Vegas<\/h2>\n<p>Und jetzt? Was habe ich nach dieser aufregenden Zeit vor? Zun\u00e4chst habe ich mich auf ein ganz besonderes Projekt eingelassen, bei dem das MacBook erst mal ein paar Tage zugeklappt bleibt: Beim Abenteuer <a href=\"https:\/\/www.thespeedproject.at\/\" target=\"_blank\" rel=\"noopener\">The Speed Project 4.0<\/a> darf ich als Teil des Team Austria \u00fcber das Osterwochenende 2018 meine Laufschuhe schn\u00fcren und werde in einem einmaligen Staffellauf <a href=\"https:\/\/www.thespeedproject.at\/team\/\" target=\"_blank\" rel=\"noopener\">gemeinsam mit 9 anderen &#8222;Verr\u00fcckten&#8220;<\/a> von Los Angeles nach Las Vegas laufen. Apropos Laufen: Auch <em>das<\/em> habe ich bei elements das eine oder andere Mal mit dem Team &#8222;ge\u00fcbt&#8220;, unter anderem beim Vienna City Marathon 2014, wo ich <a href=\"http:\/\/www.digitalbuero.at\/content\/2017\/05\/28\/a-goal-is-a-dream-with-a-deadline\/\">meine bis dato schnellste Halbmarathonzeit<\/a> in den Asphalt der Bundeshauptstadt brennen konnte.<\/p>\n<figure id=\"attachment_695\" aria-describedby=\"caption-attachment-695\" style=\"width: 660px\" class=\"wp-caption aligncenter\"><a href=\"http:\/\/www.digitalbuero.at\/content\/wp-content\/uploads\/2018\/03\/thomas-vcm-2014.jpg\" rel=\"lightbox[689]\"><img decoding=\"async\" class=\"wp-image-695 size-large\" title=\"Mit dem elements-Team am VCM 2014\" src=\"http:\/\/www.digitalbuero.at\/content\/wp-content\/uploads\/2018\/03\/thomas-vcm-2014-1024x683.jpg\" alt=\"Mit dem elements-Team am VCM 2014\" width=\"660\" height=\"440\" srcset=\"https:\/\/www.digitalbuero.at\/content\/wp-content\/uploads\/2018\/03\/thomas-vcm-2014-1024x683.jpg 1024w, https:\/\/www.digitalbuero.at\/content\/wp-content\/uploads\/2018\/03\/thomas-vcm-2014-300x200.jpg 300w, https:\/\/www.digitalbuero.at\/content\/wp-content\/uploads\/2018\/03\/thomas-vcm-2014-768x512.jpg 768w, https:\/\/www.digitalbuero.at\/content\/wp-content\/uploads\/2018\/03\/thomas-vcm-2014.jpg 1600w\" sizes=\"(max-width: 660px) 100vw, 660px\" \/><\/a><figcaption id=\"caption-attachment-695\" class=\"wp-caption-text\">Mit dem elements-Team am Vienna City Marathon 2014<\/figcaption><\/figure>\n<p>Und wenn das Speed Project nach der Poolparty in Las Vegas wieder zu Ende ist, dann m\u00f6chte ich mir daheim in Salzburg etwas Zeit und Ruhe g\u00f6nnen, zun\u00e4chst f\u00fcr eine Reflexion der vergangenen zehn Jahre. Und dann f\u00fcr einen Blick in die Zukunft. Diese hat ja bekanntlich heute mehr denn je &#8222;was mit Computer&#8220; (sic!) zu tun, und ich denke mal, dass mich das hochdynamische Umfeld der Digital Marketing Branche im weitesten Sinne auch weiterhin beruflich fest im Griff haben wird.<\/p>\n<h2>Von Facebook bis LinkedIn<\/h2>\n<p>Mit vielen Kolleg\/Innen, Kunden und Partnern haben sich im Lauf der letzten Jahre n\u00e4here, auch freundschaftliche Kontakte ergeben. Daf\u00fcr bin ich heute besonders dankbar. Viele Leser\/Innen dieses Beitrags sind daher bestimmt schon auf einer der folgenden Plattformen mit mir vernetzt. Der Vollst\u00e4ndigkeit halber habe ich noch mal aufgelistet, wo im Internet du auch in Zukunft vieles von mir und \u00fcber mich erfahren wirst:<\/p>\n<ul>\n<li><a href=\"https:\/\/www.facebook.com\/thomas.sommeregger\" target=\"_blank\" rel=\"noopener\">Facebook<\/a><\/li>\n<li><a href=\"https:\/\/www.instagram.com\/thomas.sommeregger\/\" target=\"_blank\" rel=\"noopener\">Instagram<\/a><\/li>\n<li><a href=\"https:\/\/twitter.com\/tsommeregger\" target=\"_blank\" rel=\"noopener\">Twitter<\/a><\/li>\n<li><a href=\"https:\/\/www.linkedin.com\/in\/thomassommeregger\/\" target=\"_blank\" rel=\"noopener\">LinkedIn<\/a><\/li>\n<\/ul>\n<figure id=\"attachment_703\" aria-describedby=\"caption-attachment-703\" style=\"width: 960px\" class=\"wp-caption aligncenter\"><a href=\"http:\/\/www.digitalbuero.at\/content\/wp-content\/uploads\/2018\/03\/thomas-elements-selfie.jpg\" rel=\"lightbox[689]\"><img decoding=\"async\" class=\"wp-image-703 size-full\" title=\"Thomas Kampagnenteam Selfie\" src=\"http:\/\/www.digitalbuero.at\/content\/wp-content\/uploads\/2018\/03\/thomas-elements-selfie.jpg\" alt=\"Thomas Kampagnenteam Selfie\" width=\"960\" height=\"720\" srcset=\"https:\/\/www.digitalbuero.at\/content\/wp-content\/uploads\/2018\/03\/thomas-elements-selfie.jpg 960w, https:\/\/www.digitalbuero.at\/content\/wp-content\/uploads\/2018\/03\/thomas-elements-selfie-300x225.jpg 300w, https:\/\/www.digitalbuero.at\/content\/wp-content\/uploads\/2018\/03\/thomas-elements-selfie-768x576.jpg 768w\" sizes=\"(max-width: 960px) 100vw, 960px\" \/><\/a><figcaption id=\"caption-attachment-703\" class=\"wp-caption-text\">Danke f\u00fcr alles. But first&#8230; Let me take a selfie!<\/figcaption><\/figure>\n<p>Der Blick in die Zukunft sagt&#8230; &#8222;stay tuned&#8220;. Mein Blick in die Vergangenheit hat nur ein abschlie\u00dfendes Wort an alle Wegbegleiter\/Innen auf meiner heute endenden elements-Reise parat: <strong>Danke!<\/strong> In diesem Sinne&#8230;<\/p>\n<blockquote><p>&#8222;Die einzige Konstante ist die Ver\u00e4nderung&#8220; \u2013 Heraklit<\/p><\/blockquote>\n<div class=\"brlbs-cmpnt-container brlbs-cmpnt-content-blocker brlbs-cmpnt-with-individual-styles\" data-borlabs-cookie-content-blocker-id=\"youtube-content-blocker\" data-borlabs-cookie-content=\"PGlmcmFtZSBzcmM9Imh0dHBzOi8vd3d3LnlvdXR1YmUtbm9jb29raWUuY29tL2VtYmVkL0liMDdhTzdBRTQwP3JlbD0wIiB3aWR0aD0iNTYwIiBoZWlnaHQ9IjMxNSIgZnJhbWVib3JkZXI9IjAiIGFsbG93ZnVsbHNjcmVlbj0iYWxsb3dmdWxsc2NyZWVuIj48L2lmcmFtZT4=\">\n<div class=\"brlbs-cmpnt-cb-preset-c brlbs-cmpnt-cb-youtube\">\n<div class=\"brlbs-cmpnt-cb-thumbnail\" style=\"background-image: url('https:\/\/www.digitalbuero.at\/content\/wp-content\/uploads\/borlabs-cookie\/1\/yt_Ib07aO7AE40_hqdefault.jpg')\"><\/div>\n<div class=\"brlbs-cmpnt-cb-main\">\n<div class=\"brlbs-cmpnt-cb-play-button\"><\/div>\n<div class=\"brlbs-cmpnt-cb-content\">\n<p class=\"brlbs-cmpnt-cb-description\">Sie sehen gerade einen Platzhalterinhalt von <strong>YouTube<\/strong>. Um auf den eigentlichen Inhalt zuzugreifen, klicken Sie auf die Schaltfl\u00e4che unten. Bitte beachten Sie, dass dabei Daten an Drittanbieter weitergegeben werden.<\/p>\n<p> <a class=\"brlbs-cmpnt-cb-provider-toggle\" href=\"#\" data-borlabs-cookie-show-provider-information role=\"button\">Mehr Informationen<\/a> <\/div>\n<div class=\"brlbs-cmpnt-cb-buttons\"> <a class=\"brlbs-cmpnt-cb-btn\" href=\"#\" data-borlabs-cookie-unblock role=\"button\">Inhalt entsperren<\/a> <a class=\"brlbs-cmpnt-cb-btn\" href=\"#\" data-borlabs-cookie-accept-service role=\"button\" style=\"display: inherit\">Erforderlichen Service akzeptieren und Inhalte entsperren<\/a> <\/div>\n<\/p><\/div>\n<\/p><\/div>\n<\/div>\n","protected":false},"excerpt":{"rendered":"<p>&#8222;Hallo, ich bin Thomas von elements&#8220;. Fast 10 Jahre \u2013 und damit ein Viertel meines Lebens sowie praktisch ein halbes Arbeitsleben lang \u2013 habe ich Kunden, Gesch\u00e4ftspartner und potenzielle Kolleg\/Innen so oder \u00e4hnlich begr\u00fc\u00dft. Warum ich mich entschieden habe, im Jahr 2018 neue Wege einzuschlagen und damit den beruflichen Adelstitel &#8222;&#8230;\u00a0von elements&#8220; abzulegen? Hier eine [&hellip;]<\/p>\n","protected":false},"author":2,"featured_media":693,"comment_status":"open","ping_status":"open","sticky":false,"template":"","format":"standard","meta":{"footnotes":""},"categories":[331],"tags":[335,298,332,333,224,196,149,291,292],"class_list":["post-689","post","type-post","status-publish","format-standard","has-post-thumbnail","hentry","category-work","tag-335","tag-adwords","tag-agentur","tag-baba","tag-elements","tag-salzburg","tag-san-francisco","tag-sem","tag-seo"],"yoast_head":"<!-- This site is optimized with the Yoast SEO plugin v27.5 - https:\/\/yoast.com\/product\/yoast-seo-wordpress\/ -->\n<title>10 Jahre elements: Sag leise Baba - Thomas&#039; Blog<\/title>\n<meta name=\"robots\" content=\"index, follow, max-snippet:-1, max-image-preview:large, max-video-preview:-1\" \/>\n<link rel=\"canonical\" href=\"https:\/\/www.digitalbuero.at\/content\/2018\/03\/23\/10-jahre-elements-sag-leise-baba\/\" \/>\n<meta property=\"og:locale\" content=\"de_DE\" \/>\n<meta property=\"og:type\" content=\"article\" \/>\n<meta property=\"og:title\" content=\"10 Jahre elements: Sag leise Baba - Thomas&#039; Blog\" \/>\n<meta property=\"og:description\" content=\"&#8222;Hallo, ich bin Thomas von elements&#8220;. Fast 10 Jahre \u2013 und damit ein Viertel meines Lebens sowie praktisch ein halbes Arbeitsleben lang \u2013 habe ich Kunden, Gesch\u00e4ftspartner und potenzielle Kolleg\/Innen so oder \u00e4hnlich begr\u00fc\u00dft. Warum ich mich entschieden habe, im Jahr 2018 neue Wege einzuschlagen und damit den beruflichen Adelstitel &#8222;&#8230;\u00a0von elements&#8220; abzulegen? Hier eine [&hellip;]\" \/>\n<meta property=\"og:url\" content=\"https:\/\/www.digitalbuero.at\/content\/2018\/03\/23\/10-jahre-elements-sag-leise-baba\/\" \/>\n<meta property=\"og:site_name\" content=\"Thomas&#039; Blog\" \/>\n<meta property=\"article:publisher\" content=\"https:\/\/www.facebook.com\/thomas.sommeregger\" \/>\n<meta property=\"article:author\" content=\"https:\/\/www.facebook.com\/digitalbuero.at\" \/>\n<meta property=\"article:published_time\" content=\"2018-03-23T08:19:31+00:00\" \/>\n<meta property=\"article:modified_time\" content=\"2021-07-22T00:51:04+00:00\" \/>\n<meta property=\"og:image\" content=\"https:\/\/www.digitalbuero.at\/content\/wp-content\/uploads\/2018\/03\/thomas-elements-maerz-2018.jpg\" \/>\n\t<meta property=\"og:image:width\" content=\"1600\" \/>\n\t<meta property=\"og:image:height\" content=\"1067\" \/>\n\t<meta property=\"og:image:type\" content=\"image\/jpeg\" \/>\n<meta name=\"author\" content=\"Thomas Sommeregger\" \/>\n<meta name=\"twitter:card\" content=\"summary_large_image\" \/>\n<meta name=\"twitter:creator\" content=\"@tsommeregger\" \/>\n<meta name=\"twitter:site\" content=\"@tsommeregger\" \/>\n<meta name=\"twitter:label1\" content=\"Verfasst von\" \/>\n\t<meta name=\"twitter:data1\" content=\"Thomas Sommeregger\" \/>\n\t<meta name=\"twitter:label2\" content=\"Gesch\u00e4tzte Lesezeit\" \/>\n\t<meta name=\"twitter:data2\" content=\"6\u00a0Minuten\" \/>\n<script type=\"application\/ld+json\" class=\"yoast-schema-graph\">{\"@context\":\"https:\\\/\\\/schema.org\",\"@graph\":[{\"@type\":\"Article\",\"@id\":\"https:\\\/\\\/www.digitalbuero.at\\\/content\\\/2018\\\/03\\\/23\\\/10-jahre-elements-sag-leise-baba\\\/#article\",\"isPartOf\":{\"@id\":\"https:\\\/\\\/www.digitalbuero.at\\\/content\\\/2018\\\/03\\\/23\\\/10-jahre-elements-sag-leise-baba\\\/\"},\"author\":{\"name\":\"Thomas Sommeregger\",\"@id\":\"https:\\\/\\\/www.digitalbuero.at\\\/content\\\/#\\\/schema\\\/person\\\/7d7adc47b52b6c92021d3a5bce99592e\"},\"headline\":\"10 Jahre elements: Sag leise Baba\",\"datePublished\":\"2018-03-23T08:19:31+00:00\",\"dateModified\":\"2021-07-22T00:51:04+00:00\",\"mainEntityOfPage\":{\"@id\":\"https:\\\/\\\/www.digitalbuero.at\\\/content\\\/2018\\\/03\\\/23\\\/10-jahre-elements-sag-leise-baba\\\/\"},\"wordCount\":1046,\"commentCount\":4,\"image\":{\"@id\":\"https:\\\/\\\/www.digitalbuero.at\\\/content\\\/2018\\\/03\\\/23\\\/10-jahre-elements-sag-leise-baba\\\/#primaryimage\"},\"thumbnailUrl\":\"https:\\\/\\\/www.digitalbuero.at\\\/content\\\/wp-content\\\/uploads\\\/2018\\\/03\\\/thomas-elements-maerz-2018.jpg\",\"keywords\":[\"2018\",\"adwords\",\"agentur\",\"baba\",\"elements\",\"salzburg\",\"san francisco\",\"SEM\",\"SEO\"],\"articleSection\":[\"Work\"],\"inLanguage\":\"de\",\"potentialAction\":[{\"@type\":\"CommentAction\",\"name\":\"Comment\",\"target\":[\"https:\\\/\\\/www.digitalbuero.at\\\/content\\\/2018\\\/03\\\/23\\\/10-jahre-elements-sag-leise-baba\\\/#respond\"]}]},{\"@type\":\"WebPage\",\"@id\":\"https:\\\/\\\/www.digitalbuero.at\\\/content\\\/2018\\\/03\\\/23\\\/10-jahre-elements-sag-leise-baba\\\/\",\"url\":\"https:\\\/\\\/www.digitalbuero.at\\\/content\\\/2018\\\/03\\\/23\\\/10-jahre-elements-sag-leise-baba\\\/\",\"name\":\"10 Jahre elements: Sag leise Baba - Thomas&#039; Blog\",\"isPartOf\":{\"@id\":\"https:\\\/\\\/www.digitalbuero.at\\\/content\\\/#website\"},\"primaryImageOfPage\":{\"@id\":\"https:\\\/\\\/www.digitalbuero.at\\\/content\\\/2018\\\/03\\\/23\\\/10-jahre-elements-sag-leise-baba\\\/#primaryimage\"},\"image\":{\"@id\":\"https:\\\/\\\/www.digitalbuero.at\\\/content\\\/2018\\\/03\\\/23\\\/10-jahre-elements-sag-leise-baba\\\/#primaryimage\"},\"thumbnailUrl\":\"https:\\\/\\\/www.digitalbuero.at\\\/content\\\/wp-content\\\/uploads\\\/2018\\\/03\\\/thomas-elements-maerz-2018.jpg\",\"datePublished\":\"2018-03-23T08:19:31+00:00\",\"dateModified\":\"2021-07-22T00:51:04+00:00\",\"author\":{\"@id\":\"https:\\\/\\\/www.digitalbuero.at\\\/content\\\/#\\\/schema\\\/person\\\/7d7adc47b52b6c92021d3a5bce99592e\"},\"breadcrumb\":{\"@id\":\"https:\\\/\\\/www.digitalbuero.at\\\/content\\\/2018\\\/03\\\/23\\\/10-jahre-elements-sag-leise-baba\\\/#breadcrumb\"},\"inLanguage\":\"de\",\"potentialAction\":[{\"@type\":\"ReadAction\",\"target\":[\"https:\\\/\\\/www.digitalbuero.at\\\/content\\\/2018\\\/03\\\/23\\\/10-jahre-elements-sag-leise-baba\\\/\"]}]},{\"@type\":\"ImageObject\",\"inLanguage\":\"de\",\"@id\":\"https:\\\/\\\/www.digitalbuero.at\\\/content\\\/2018\\\/03\\\/23\\\/10-jahre-elements-sag-leise-baba\\\/#primaryimage\",\"url\":\"https:\\\/\\\/www.digitalbuero.at\\\/content\\\/wp-content\\\/uploads\\\/2018\\\/03\\\/thomas-elements-maerz-2018.jpg\",\"contentUrl\":\"https:\\\/\\\/www.digitalbuero.at\\\/content\\\/wp-content\\\/uploads\\\/2018\\\/03\\\/thomas-elements-maerz-2018.jpg\",\"width\":1600,\"height\":1067,\"caption\":\"Thomas Sommeregger \u2013 elements.at M\u00e4rz 2018\"},{\"@type\":\"BreadcrumbList\",\"@id\":\"https:\\\/\\\/www.digitalbuero.at\\\/content\\\/2018\\\/03\\\/23\\\/10-jahre-elements-sag-leise-baba\\\/#breadcrumb\",\"itemListElement\":[{\"@type\":\"ListItem\",\"position\":1,\"name\":\"Startseite\",\"item\":\"https:\\\/\\\/www.digitalbuero.at\\\/content\\\/\"},{\"@type\":\"ListItem\",\"position\":2,\"name\":\"Work\",\"item\":\"https:\\\/\\\/www.digitalbuero.at\\\/content\\\/category\\\/work\\\/\"},{\"@type\":\"ListItem\",\"position\":3,\"name\":\"10 Jahre elements: Sag leise Baba\"}]},{\"@type\":\"WebSite\",\"@id\":\"https:\\\/\\\/www.digitalbuero.at\\\/content\\\/#website\",\"url\":\"https:\\\/\\\/www.digitalbuero.at\\\/content\\\/\",\"name\":\"Thomas&#039; Blog\",\"description\":\"Meine Gedanken verpackt in Null und Eins, 100% pers\u00f6nlich\",\"potentialAction\":[{\"@type\":\"SearchAction\",\"target\":{\"@type\":\"EntryPoint\",\"urlTemplate\":\"https:\\\/\\\/www.digitalbuero.at\\\/content\\\/?s={search_term_string}\"},\"query-input\":{\"@type\":\"PropertyValueSpecification\",\"valueRequired\":true,\"valueName\":\"search_term_string\"}}],\"inLanguage\":\"de\"},{\"@type\":\"Person\",\"@id\":\"https:\\\/\\\/www.digitalbuero.at\\\/content\\\/#\\\/schema\\\/person\\\/7d7adc47b52b6c92021d3a5bce99592e\",\"name\":\"Thomas Sommeregger\",\"description\":\"Hallo, mein Name ist Thomas Sommeregger. Ich bin Betreiber sowie Haupt-Autor von Thomas' Blog. Meine Gedanken drehen sich hier recht breit um das Arbeits-, Familien- und Freizeitleben. Als Patchwork-Vater, Unternehmer und Hobby-Marathonl\u00e4ufer lebe ich in der Stadt Salzburg in \u00d6sterreich. Wenn dich Online Marketing, Unternehmertum, (Lauf-)Sport oder hin und wieder die eine oder andere Anekdote von mir interessieren, freue ich mich, wenn du mir weiter folgst.\",\"sameAs\":[\"https:\\\/\\\/www.digitalbuero.at\",\"https:\\\/\\\/www.facebook.com\\\/digitalbuero.at\",\"https:\\\/\\\/twitter.com\\\/tsommeregger\",\"https:\\\/\\\/www.linkedin.com\\\/in\\\/thomassommeregger\",\"https:\\\/\\\/x.com\\\/tsommeregger\",\"https:\\\/\\\/soundcloud.com\\\/user-649426735\"],\"url\":\"https:\\\/\\\/www.digitalbuero.at\\\/content\\\/author\\\/thomas\\\/\"}]}<\/script>\n<!-- \/ Yoast SEO plugin. -->","yoast_head_json":{"title":"10 Jahre elements: Sag leise Baba - Thomas&#039; Blog","robots":{"index":"index","follow":"follow","max-snippet":"max-snippet:-1","max-image-preview":"max-image-preview:large","max-video-preview":"max-video-preview:-1"},"canonical":"https:\/\/www.digitalbuero.at\/content\/2018\/03\/23\/10-jahre-elements-sag-leise-baba\/","og_locale":"de_DE","og_type":"article","og_title":"10 Jahre elements: Sag leise Baba - Thomas&#039; Blog","og_description":"&#8222;Hallo, ich bin Thomas von elements&#8220;. Fast 10 Jahre \u2013 und damit ein Viertel meines Lebens sowie praktisch ein halbes Arbeitsleben lang \u2013 habe ich Kunden, Gesch\u00e4ftspartner und potenzielle Kolleg\/Innen so oder \u00e4hnlich begr\u00fc\u00dft. Warum ich mich entschieden habe, im Jahr 2018 neue Wege einzuschlagen und damit den beruflichen Adelstitel &#8222;&#8230;\u00a0von elements&#8220; abzulegen? Hier eine [&hellip;]","og_url":"https:\/\/www.digitalbuero.at\/content\/2018\/03\/23\/10-jahre-elements-sag-leise-baba\/","og_site_name":"Thomas&#039; Blog","article_publisher":"https:\/\/www.facebook.com\/thomas.sommeregger","article_author":"https:\/\/www.facebook.com\/digitalbuero.at","article_published_time":"2018-03-23T08:19:31+00:00","article_modified_time":"2021-07-22T00:51:04+00:00","og_image":[{"width":1600,"height":1067,"url":"https:\/\/www.digitalbuero.at\/content\/wp-content\/uploads\/2018\/03\/thomas-elements-maerz-2018.jpg","type":"image\/jpeg"}],"author":"Thomas Sommeregger","twitter_card":"summary_large_image","twitter_creator":"@tsommeregger","twitter_site":"@tsommeregger","twitter_misc":{"Verfasst von":"Thomas Sommeregger","Gesch\u00e4tzte Lesezeit":"6\u00a0Minuten"},"schema":{"@context":"https:\/\/schema.org","@graph":[{"@type":"Article","@id":"https:\/\/www.digitalbuero.at\/content\/2018\/03\/23\/10-jahre-elements-sag-leise-baba\/#article","isPartOf":{"@id":"https:\/\/www.digitalbuero.at\/content\/2018\/03\/23\/10-jahre-elements-sag-leise-baba\/"},"author":{"name":"Thomas Sommeregger","@id":"https:\/\/www.digitalbuero.at\/content\/#\/schema\/person\/7d7adc47b52b6c92021d3a5bce99592e"},"headline":"10 Jahre elements: Sag leise Baba","datePublished":"2018-03-23T08:19:31+00:00","dateModified":"2021-07-22T00:51:04+00:00","mainEntityOfPage":{"@id":"https:\/\/www.digitalbuero.at\/content\/2018\/03\/23\/10-jahre-elements-sag-leise-baba\/"},"wordCount":1046,"commentCount":4,"image":{"@id":"https:\/\/www.digitalbuero.at\/content\/2018\/03\/23\/10-jahre-elements-sag-leise-baba\/#primaryimage"},"thumbnailUrl":"https:\/\/www.digitalbuero.at\/content\/wp-content\/uploads\/2018\/03\/thomas-elements-maerz-2018.jpg","keywords":["2018","adwords","agentur","baba","elements","salzburg","san francisco","SEM","SEO"],"articleSection":["Work"],"inLanguage":"de","potentialAction":[{"@type":"CommentAction","name":"Comment","target":["https:\/\/www.digitalbuero.at\/content\/2018\/03\/23\/10-jahre-elements-sag-leise-baba\/#respond"]}]},{"@type":"WebPage","@id":"https:\/\/www.digitalbuero.at\/content\/2018\/03\/23\/10-jahre-elements-sag-leise-baba\/","url":"https:\/\/www.digitalbuero.at\/content\/2018\/03\/23\/10-jahre-elements-sag-leise-baba\/","name":"10 Jahre elements: Sag leise Baba - Thomas&#039; Blog","isPartOf":{"@id":"https:\/\/www.digitalbuero.at\/content\/#website"},"primaryImageOfPage":{"@id":"https:\/\/www.digitalbuero.at\/content\/2018\/03\/23\/10-jahre-elements-sag-leise-baba\/#primaryimage"},"image":{"@id":"https:\/\/www.digitalbuero.at\/content\/2018\/03\/23\/10-jahre-elements-sag-leise-baba\/#primaryimage"},"thumbnailUrl":"https:\/\/www.digitalbuero.at\/content\/wp-content\/uploads\/2018\/03\/thomas-elements-maerz-2018.jpg","datePublished":"2018-03-23T08:19:31+00:00","dateModified":"2021-07-22T00:51:04+00:00","author":{"@id":"https:\/\/www.digitalbuero.at\/content\/#\/schema\/person\/7d7adc47b52b6c92021d3a5bce99592e"},"breadcrumb":{"@id":"https:\/\/www.digitalbuero.at\/content\/2018\/03\/23\/10-jahre-elements-sag-leise-baba\/#breadcrumb"},"inLanguage":"de","potentialAction":[{"@type":"ReadAction","target":["https:\/\/www.digitalbuero.at\/content\/2018\/03\/23\/10-jahre-elements-sag-leise-baba\/"]}]},{"@type":"ImageObject","inLanguage":"de","@id":"https:\/\/www.digitalbuero.at\/content\/2018\/03\/23\/10-jahre-elements-sag-leise-baba\/#primaryimage","url":"https:\/\/www.digitalbuero.at\/content\/wp-content\/uploads\/2018\/03\/thomas-elements-maerz-2018.jpg","contentUrl":"https:\/\/www.digitalbuero.at\/content\/wp-content\/uploads\/2018\/03\/thomas-elements-maerz-2018.jpg","width":1600,"height":1067,"caption":"Thomas Sommeregger \u2013 elements.at M\u00e4rz 2018"},{"@type":"BreadcrumbList","@id":"https:\/\/www.digitalbuero.at\/content\/2018\/03\/23\/10-jahre-elements-sag-leise-baba\/#breadcrumb","itemListElement":[{"@type":"ListItem","position":1,"name":"Startseite","item":"https:\/\/www.digitalbuero.at\/content\/"},{"@type":"ListItem","position":2,"name":"Work","item":"https:\/\/www.digitalbuero.at\/content\/category\/work\/"},{"@type":"ListItem","position":3,"name":"10 Jahre elements: Sag leise Baba"}]},{"@type":"WebSite","@id":"https:\/\/www.digitalbuero.at\/content\/#website","url":"https:\/\/www.digitalbuero.at\/content\/","name":"Thomas&#039; Blog","description":"Meine Gedanken verpackt in Null und Eins, 100% pers\u00f6nlich","potentialAction":[{"@type":"SearchAction","target":{"@type":"EntryPoint","urlTemplate":"https:\/\/www.digitalbuero.at\/content\/?s={search_term_string}"},"query-input":{"@type":"PropertyValueSpecification","valueRequired":true,"valueName":"search_term_string"}}],"inLanguage":"de"},{"@type":"Person","@id":"https:\/\/www.digitalbuero.at\/content\/#\/schema\/person\/7d7adc47b52b6c92021d3a5bce99592e","name":"Thomas Sommeregger","description":"Hallo, mein Name ist Thomas Sommeregger. Ich bin Betreiber sowie Haupt-Autor von Thomas' Blog. Meine Gedanken drehen sich hier recht breit um das Arbeits-, Familien- und Freizeitleben. Als Patchwork-Vater, Unternehmer und Hobby-Marathonl\u00e4ufer lebe ich in der Stadt Salzburg in \u00d6sterreich. Wenn dich Online Marketing, Unternehmertum, (Lauf-)Sport oder hin und wieder die eine oder andere Anekdote von mir interessieren, freue ich mich, wenn du mir weiter folgst.","sameAs":["https:\/\/www.digitalbuero.at","https:\/\/www.facebook.com\/digitalbuero.at","https:\/\/twitter.com\/tsommeregger","https:\/\/www.linkedin.com\/in\/thomassommeregger","https:\/\/x.com\/tsommeregger","https:\/\/soundcloud.com\/user-649426735"],"url":"https:\/\/www.digitalbuero.at\/content\/author\/thomas\/"}]}},"post_mailing_queue_ids":[],"_links":{"self":[{"href":"https:\/\/www.digitalbuero.at\/content\/wp-json\/wp\/v2\/posts\/689","targetHints":{"allow":["GET"]}}],"collection":[{"href":"https:\/\/www.digitalbuero.at\/content\/wp-json\/wp\/v2\/posts"}],"about":[{"href":"https:\/\/www.digitalbuero.at\/content\/wp-json\/wp\/v2\/types\/post"}],"author":[{"embeddable":true,"href":"https:\/\/www.digitalbuero.at\/content\/wp-json\/wp\/v2\/users\/2"}],"replies":[{"embeddable":true,"href":"https:\/\/www.digitalbuero.at\/content\/wp-json\/wp\/v2\/comments?post=689"}],"version-history":[{"count":0,"href":"https:\/\/www.digitalbuero.at\/content\/wp-json\/wp\/v2\/posts\/689\/revisions"}],"wp:featuredmedia":[{"embeddable":true,"href":"https:\/\/www.digitalbuero.at\/content\/wp-json\/wp\/v2\/media\/693"}],"wp:attachment":[{"href":"https:\/\/www.digitalbuero.at\/content\/wp-json\/wp\/v2\/media?parent=689"}],"wp:term":[{"taxonomy":"category","embeddable":true,"href":"https:\/\/www.digitalbuero.at\/content\/wp-json\/wp\/v2\/categories?post=689"},{"taxonomy":"post_tag","embeddable":true,"href":"https:\/\/www.digitalbuero.at\/content\/wp-json\/wp\/v2\/tags?post=689"}],"curies":[{"name":"wp","href":"https:\/\/api.w.org\/{rel}","templated":true}]}}