{"id":602,"date":"2017-05-28T19:53:20","date_gmt":"2017-05-28T17:53:20","guid":{"rendered":"http:\/\/www.digitalbuero.at\/content\/?p=602"},"modified":"2019-12-16T14:32:04","modified_gmt":"2019-12-16T13:32:04","slug":"a-goal-is-a-dream-with-a-deadline","status":"publish","type":"post","link":"https:\/\/www.digitalbuero.at\/content\/2017\/05\/28\/a-goal-is-a-dream-with-a-deadline\/","title":{"rendered":"A goal is a dream with a deadline"},"content":{"rendered":"<p>Zugegeben, ich habe diese Artikel\u00fcberschrift\u00a0nicht erfunden. Das Internet schreibt das Zitat\u00a0einem gewissen <a href=\"https:\/\/de.wikipedia.org\/wiki\/Napoleon_Hill\" target=\"_blank\" rel=\"noopener noreferrer\">Napoleon Hill<\/a> zu, seines Zeichens US-Schriftsteller des 20. Jahrhunderts. Sie passt wie ich finde\u00a0perfekt zu meinem n\u00e4chsten gro\u00dfen Ziel, das auch einmal als Traum begann: Eine\u00a0Teilnahme am <strong><a href=\"https:\/\/www.malibumarathon.com\/halfmarathon\" target=\"_blank\" rel=\"noopener noreferrer\">Malibu Half Marathon 2017<\/a><\/strong> in Kalifornien.<!--more--><\/p>\n<p>Sch\u00f6n langsam wird&#8217;s zur Tradition, dass ich mir in regelm\u00e4\u00dfigen Abst\u00e4nden f\u00fcr Halbmarathons anmelde. Der <strong>Vienna City Marathon<\/strong> war dabei f\u00fcr mich schon mehrfach ein tolles Erlebnis: Sowohl den\u00a0ersten (<a href=\"http:\/\/www.vienna-marathon.com\/?runner=true&amp;wantResult=2010&amp;spring=true&amp;nummer=17767&amp;surl=cd162e16e318d263fd56d6261673fe72#goto-result\" target=\"_blank\" rel=\"noopener noreferrer\">2010<\/a>) als\u00a0auch meinen\u00a0bisher schnellsten (<a href=\"http:\/\/www.vienna-marathon.com\/?nummer=26033&amp;wantResult=2014&amp;spring=true&amp;runner=true&amp;surl=cd162e16e318d263fd56d6261673fe72#goto-result\" target=\"_blank\" rel=\"noopener noreferrer\">2014<\/a>) Halbmarathon habe ich in der Bundeshauptstadt absolviert.\u00a0Klar, auch\u00a0nach Wien muss man\u00a0knapp drei Stunden\u00a0Reisezeit ab Salzburg einplanen,\u00a0ein paar der hier beschriebenen\u00a0Laufreisen sollten mich aber noch viel weiter weg f\u00fchren.<\/p>\n<blockquote><p>\u201eWenn es einfach w\u00e4re, hie\u00dfe es ja Fu\u00dfball.\u201c \u2013 Marathoni-Spruch<\/p><\/blockquote>\n<figure id=\"attachment_610\" aria-describedby=\"caption-attachment-610\" style=\"width: 960px\" class=\"wp-caption alignnone\"><a href=\"http:\/\/www.digitalbuero.at\/content\/wp-content\/uploads\/2017\/05\/IMG_9985.jpg\" rel=\"lightbox[602]\"><img decoding=\"async\" class=\"wp-image-610 size-full\" src=\"http:\/\/www.digitalbuero.at\/content\/wp-content\/uploads\/2017\/05\/IMG_9985.jpg\" alt=\"Am VCM 2014, mit meinen Kolleg\/Innen von elements.at. Zeit: 1:45:31h\" width=\"960\" height=\"640\" srcset=\"https:\/\/www.digitalbuero.at\/content\/wp-content\/uploads\/2017\/05\/IMG_9985.jpg 960w, https:\/\/www.digitalbuero.at\/content\/wp-content\/uploads\/2017\/05\/IMG_9985-300x200.jpg 300w, https:\/\/www.digitalbuero.at\/content\/wp-content\/uploads\/2017\/05\/IMG_9985-768x512.jpg 768w\" sizes=\"(max-width: 960px) 100vw, 960px\" \/><\/a><figcaption id=\"caption-attachment-610\" class=\"wp-caption-text\">Am VCM 2014, mit meinen Kolleg\/Innen von elements.at. Zeit: 1:45:31h<\/figcaption><\/figure>\n<p><em>Der n\u00e4chste <a href=\"http:\/\/www.vienna-marathon.com\" target=\"_blank\" rel=\"noopener noreferrer\">Vienna City Marathon<\/a> findet am 22. April 2018 statt.<\/em><\/p>\n<p><strong>US Half Marathon 2014<\/strong><\/p>\n<p>Zugegeben, das einfachste an der Vorbereitung ist immer\u00a0die Online-Anmeldung f\u00fcr die jeweiligen Laufveranstaltung&#8230; Gepusht von meiner (f\u00fcr mich) tollen 1:45er-Zeit in Wien habe ich mich kurz darauf mit zwei\u00a0\u00f6sterreichischen,\u00a0in San Francisco lebenden\u00a0Freunden abgestimmt und bald war es fix: November, San Francisco, 13,1 Meilen \u2013 erst\u00a0an der Bay entlang, dann rauf auf die\u00a0Golden Gate Bridge und wieder zur\u00fcck. Wie&#8217;s war? G\u00e4nsehaut pur, wenn man um 7 Uhr fr\u00fch mit\u00a0einem\u00a0herrlichen Sonnenaufgang im R\u00fccken nach dem\u00a0Startschuss direkt auf die\u00a0rot leuchtende Golden Gate Bridge zul\u00e4uft. <strong><a href=\"http:\/\/results.xacte.com\/?id=796&amp;tagcode=1447_1863\" target=\"_blank\" rel=\"noopener noreferrer\">Ergebnis: Eine 1:49h-Zeit<\/a><\/strong> \u2013 ok, die H\u00f6henmeter waren &#8222;Schuld&#8220; daran, dass ich die\u00a0Wiener Zeit nicht weiter verbessern konnte&#8230; Aber immerhin Platz 431 von 3.741 Teilnehmer\/Innen. Genug geschrieben: Ein Bild sagt mehr als tausend Worte!<\/p>\n<figure id=\"attachment_611\" aria-describedby=\"caption-attachment-611\" style=\"width: 597px\" class=\"wp-caption alignnone\"><img decoding=\"async\" class=\"wp-image-611 size-large\" src=\"http:\/\/www.digitalbuero.at\/content\/wp-content\/uploads\/2017\/05\/124200-1005-019fa-597x1024.jpg\" alt=\"US Half Marathon 2014, Nettozeit 1:49:01h\" width=\"597\" height=\"1024\" srcset=\"https:\/\/www.digitalbuero.at\/content\/wp-content\/uploads\/2017\/05\/124200-1005-019fa-597x1024.jpg 597w, https:\/\/www.digitalbuero.at\/content\/wp-content\/uploads\/2017\/05\/124200-1005-019fa-175x300.jpg 175w, https:\/\/www.digitalbuero.at\/content\/wp-content\/uploads\/2017\/05\/124200-1005-019fa-768x1316.jpg 768w, https:\/\/www.digitalbuero.at\/content\/wp-content\/uploads\/2017\/05\/124200-1005-019fa.jpg 1195w\" sizes=\"(max-width: 597px) 100vw, 597px\" \/><figcaption id=\"caption-attachment-611\" class=\"wp-caption-text\">US Half Marathon 2014, Nettozeit 1:49:01h<\/figcaption><\/figure>\n<figure id=\"attachment_612\" aria-describedby=\"caption-attachment-612\" style=\"width: 720px\" class=\"wp-caption alignnone\"><img decoding=\"async\" class=\"wp-image-612 size-full\" src=\"http:\/\/www.digitalbuero.at\/content\/wp-content\/uploads\/2017\/05\/IMG_3639.jpg\" alt=\"\" width=\"720\" height=\"960\" srcset=\"https:\/\/www.digitalbuero.at\/content\/wp-content\/uploads\/2017\/05\/IMG_3639.jpg 720w, https:\/\/www.digitalbuero.at\/content\/wp-content\/uploads\/2017\/05\/IMG_3639-225x300.jpg 225w\" sizes=\"(max-width: 720px) 100vw, 720px\" \/><figcaption id=\"caption-attachment-612\" class=\"wp-caption-text\">&#8222;Team Austria&#8220; mit Richy, Stefan und mir beim US Half Marathon 2014<\/figcaption><\/figure>\n<p><em>Der Bewerb nennt sich heute <a href=\"http:\/\/runsf.com\" target=\"_blank\" rel=\"noopener noreferrer\">Golden Gate Half<\/a> und findet das n\u00e4chste Mal am 5. November 2017 statt.<\/em><\/p>\n<p><strong>Palma de Mallorca Marathon 2016<\/strong><\/p>\n<p>Ok, 2015 habe ich etwas &#8222;geschw\u00e4chelt&#8220;. Zumindest in Laufschuhen&#8230; Aber so ein <a href=\"http:\/\/www.adwords-buch.com\" target=\"_blank\" rel=\"noopener noreferrer\">Buch<\/a> will auch erst mal ver\u00f6ffentlicht und promotet werden. Also die 2015-Anmeldung dank kulantem Veranstalter auf 2016\u00a0verschoben, und dann war es auch schon soweit. Mitte Oktober per Direktflug ab Salzburg nach Palma. Das Wetter war toll, und somit alles bereit f\u00fcr ein perfektes Sp\u00e4tsommerwochenende.<\/p>\n<figure id=\"attachment_608\" aria-describedby=\"caption-attachment-608\" style=\"width: 660px\" class=\"wp-caption alignnone\"><a href=\"http:\/\/www.digitalbuero.at\/content\/wp-content\/uploads\/2017\/05\/20x30-PAXC2793.jpeg\" rel=\"lightbox[602]\"><img decoding=\"async\" class=\"wp-image-608 size-large\" src=\"http:\/\/www.digitalbuero.at\/content\/wp-content\/uploads\/2017\/05\/20x30-PAXC2793-1024x680.jpeg\" alt=\"Palma de Mallorca Marathon 2016 - Halbdistanz Thomas Sommeregger\" width=\"660\" height=\"438\" srcset=\"https:\/\/www.digitalbuero.at\/content\/wp-content\/uploads\/2017\/05\/20x30-PAXC2793-1024x680.jpeg 1024w, https:\/\/www.digitalbuero.at\/content\/wp-content\/uploads\/2017\/05\/20x30-PAXC2793-300x199.jpeg 300w, https:\/\/www.digitalbuero.at\/content\/wp-content\/uploads\/2017\/05\/20x30-PAXC2793-768x510.jpeg 768w, https:\/\/www.digitalbuero.at\/content\/wp-content\/uploads\/2017\/05\/20x30-PAXC2793.jpeg 2048w\" sizes=\"(max-width: 660px) 100vw, 660px\" \/><\/a><figcaption id=\"caption-attachment-608\" class=\"wp-caption-text\">Palma de Mallorca Marathon 2016 &#8211; Halbdistanz in 1:55:52h<\/figcaption><\/figure>\n<p>Nach einer etwas l\u00e4ngeren Bewerbspause und k\u00fcrzerem Training\u00a0habe ich bemerkt, dass man mit knapp 40 Jahren nicht mehr ganz so einfach einen Halbmarathon aus den Unterschenkeln\u00a0sch\u00fcttelt. Wobei der Streckenverlauf einiges dazu beigetragen hat, und es speziell das\u00a0letzte Drittel durch\u00a0verwinkelte Altstadtgassen\u00a0und mit einigen\u00a0Auf-und-Abs durchaus in sich hatte. Ich dachte schon, ich komme gar nicht mehr ins Ziel. Am Ende gingen sich weniger als\u00a0zwei Stunden\u00a0doch noch locker aus. &#8222;Cheerleader&#8220;\u00a0Olivia im Ziel, sowie der Ausblick auf\u00a0Vino Tinto, Serrano Schinken und me(e)hr am Nachmittag\u00a0waren wohl der Ansporn schlechthin, besser schneller als zu langsam das Zielgel\u00e4nde vor der Kathedrale von Palma zu erreichen.<\/p>\n<p><img decoding=\"async\" class=\"alignnone wp-image-620 size-large\" src=\"http:\/\/www.digitalbuero.at\/content\/wp-content\/uploads\/2017\/05\/IMG_7146-e1495991834626-768x1024.jpg\" alt=\"\" width=\"660\" height=\"880\" srcset=\"https:\/\/www.digitalbuero.at\/content\/wp-content\/uploads\/2017\/05\/IMG_7146-e1495991834626-768x1024.jpg 768w, https:\/\/www.digitalbuero.at\/content\/wp-content\/uploads\/2017\/05\/IMG_7146-e1495991834626-225x300.jpg 225w, https:\/\/www.digitalbuero.at\/content\/wp-content\/uploads\/2017\/05\/IMG_7146-e1495991834626.jpg 960w\" sizes=\"(max-width: 660px) 100vw, 660px\" \/><\/p>\n<p>Dank <a href=\"http:\/\/www.digitalbuero.at\/content\/2015\/07\/19\/7-tage-apple-watch-fazit\/\" target=\"_blank\" rel=\"noopener noreferrer\">Apple Watch<\/a>\u00a0wusste ich dann am Abend, dass ich solide\u00a0<strong>815% meines t\u00e4glichen Bewegungsziels<\/strong> erreicht und mit &#8222;ein bisschen Sightseeing&#8220; im Anschluss an den Halbmarathon an diesem ereignisreichen\u00a0Sonntag in Summe\u00a0<strong>sportliche 33,23 Kilometer<\/strong> in den Beinen\u00a0hatte. Na bumm.<\/p>\n<p><img decoding=\"async\" class=\"alignnone wp-image-616 size-large\" src=\"http:\/\/www.digitalbuero.at\/content\/wp-content\/uploads\/2017\/05\/IMG_2109-577x1024.png\" alt=\"\" width=\"577\" height=\"1024\" srcset=\"https:\/\/www.digitalbuero.at\/content\/wp-content\/uploads\/2017\/05\/IMG_2109-577x1024.png 577w, https:\/\/www.digitalbuero.at\/content\/wp-content\/uploads\/2017\/05\/IMG_2109-169x300.png 169w, https:\/\/www.digitalbuero.at\/content\/wp-content\/uploads\/2017\/05\/IMG_2109.png 640w\" sizes=\"(max-width: 577px) 100vw, 577px\" \/><\/p>\n<p><em>Der n\u00e4chste\u00a0<a href=\"http:\/\/www.palmademallorcamarathon.com\/deutsch\/\" target=\"_blank\" rel=\"noopener noreferrer\">Palma de Mallorca Marathon<\/a> findet am Sonntag, 15. Oktober 2017 statt.<\/em><\/p>\n<p><strong>Malibu Marathon 2017<\/strong><\/p>\n<p>Wer bis hierher aufmerksam gelesen hat wird erkennen, dass ich bei den aufgez\u00e4hlten\u00a0Bewerben immer &#8222;langsamer&#8220; wurde. Ok, ok&#8230; ich hab&#8217;s verstanden. <strong>Daher ist mein\u00a0Ziel f\u00fcr 2017, erstmals unter die 1:45h zu kommen.<\/strong> Der Kurs verl\u00e4uft\u00a0den Veranstaltern zufolge <a href=\"https:\/\/www.malibumarathon.com\/halfmarathon\" target=\"_blank\" rel=\"noopener noreferrer\">ziemlich flach<\/a>\u00a0am Pacific Coast Highway entlang\u00a0und ich habe noch f\u00fcnf Monate <a href=\"https:\/\/www.runtastic.com\/de\/benutzer\/049182ed-cac6-d8f2-ba8d-e2337a6ab04d\/\" target=\"_blank\" rel=\"noopener noreferrer\">Training mit Runtastic<\/a>\u00a0vor mir.<\/p>\n<p>Danke an dieser Stelle \u00fcbrigens allen meinen Lieben\u00a0aus dem Familien- und Freundeskreis,\u00a0die mir im Zuge meines\u00a040. Geburtstags ein paar extra Dollar in die Reisekasse f\u00fcr mein nicht ganz allt\u00e4gliches Vorhaben eingeworfen haben!<\/p>\n<p>Und wer\u00a0wei\u00df, vielleicht schaffe ich es damit ja, einmal\u00a0gemeinsam mit <a href=\"https:\/\/www.instagram.com\/p\/BMhlyD7A5Zb\/\" target=\"_blank\" rel=\"noopener noreferrer\">Jenson Button<\/a>\u00a0(5. Platz 2016) auf einer Startliste zu stehen. Wenn&#8217;s schon in der Formel 1 nicht geklappt hat&#8230; ;) Im November sind wir schlauer. Stay tuned! Und falls sich noch jemand anmelden m\u00f6chte, <a href=\"https:\/\/www.malibumarathon.com\/halfmarathon\" target=\"_blank\" rel=\"noopener noreferrer\">hier entlang<\/a>!<\/p>\n<figure id=\"attachment_603\" aria-describedby=\"caption-attachment-603\" style=\"width: 660px\" class=\"wp-caption alignnone\"><a href=\"http:\/\/www.digitalbuero.at\/content\/wp-content\/uploads\/2017\/05\/5240449335_b7e9cd0056_o.jpg\" rel=\"lightbox[602]\"><img decoding=\"async\" class=\"size-large wp-image-603\" src=\"http:\/\/www.digitalbuero.at\/content\/wp-content\/uploads\/2017\/05\/5240449335_b7e9cd0056_o-1024x683.jpg\" alt=\"Malibu Half Marathon (c) Jeff Drongowski https:\/\/flic.kr\/p\/8Z5F1K\" width=\"660\" height=\"440\" srcset=\"https:\/\/www.digitalbuero.at\/content\/wp-content\/uploads\/2017\/05\/5240449335_b7e9cd0056_o-1024x683.jpg 1024w, https:\/\/www.digitalbuero.at\/content\/wp-content\/uploads\/2017\/05\/5240449335_b7e9cd0056_o-300x200.jpg 300w, https:\/\/www.digitalbuero.at\/content\/wp-content\/uploads\/2017\/05\/5240449335_b7e9cd0056_o-768x512.jpg 768w, https:\/\/www.digitalbuero.at\/content\/wp-content\/uploads\/2017\/05\/5240449335_b7e9cd0056_o.jpg 2048w\" sizes=\"(max-width: 660px) 100vw, 660px\" \/><\/a><figcaption id=\"caption-attachment-603\" class=\"wp-caption-text\">Malibu Half Marathon (c) Jeff Drongowski https:\/\/flic.kr\/p\/8Z5F1K<\/figcaption><\/figure>\n<p><em>Update J\u00e4nner 2018: Neues Jahr, neue Ziele &gt; <a href=\"https:\/\/www.thespeedproject.at\" target=\"_blank\" rel=\"noopener noreferrer\">The Speed Project &#8211; Team Austria<\/a> ;)<\/em><\/p>\n<p>PS: Ich verzichte bei meinem intensivem Lauf- und Marathontraining zwischenzeitlich nicht auf &#8222;heilende&#8220; therapeutische H\u00e4nde: Wo finde ich diese in <a href=\"https:\/\/therapie-salzburg.at\/\" target=\"_blank\" rel=\"noopener noreferrer\">Salzburg? Physiotherapie<\/a>, Training &amp; Massagen beim Physio-Team von\u00a0<strong>Therapie Salzburg<\/strong> kann ich jedenfalls empfehlen!<\/p>\n","protected":false},"excerpt":{"rendered":"<p>Zugegeben, ich habe diese Artikel\u00fcberschrift\u00a0nicht erfunden. Das Internet schreibt das Zitat\u00a0einem gewissen Napoleon Hill zu, seines Zeichens US-Schriftsteller des 20. Jahrhunderts. Sie passt wie ich finde\u00a0perfekt zu meinem n\u00e4chsten gro\u00dfen Ziel, das auch einmal als Traum begann: Eine\u00a0Teilnahme am Malibu Half Marathon 2017 in Kalifornien.<\/p>\n","protected":false},"author":2,"featured_media":623,"comment_status":"open","ping_status":"open","sticky":false,"template":"","format":"standard","meta":{"footnotes":""},"categories":[225,293,226],"tags":[234,319,317,318,316],"class_list":["post-602","post","type-post","status-publish","format-standard","has-post-thumbnail","hentry","category-aktivitaten","category-sport","category-travel","tag-halbmarathon","tag-laufen","tag-malibu","tag-mallorca","tag-running"],"yoast_head":"<!-- This site is optimized with the Yoast SEO plugin v27.5 - https:\/\/yoast.com\/product\/yoast-seo-wordpress\/ -->\n<title>A goal is a dream with a deadline - Thomas&#039; Blog<\/title>\n<meta name=\"robots\" content=\"index, follow, max-snippet:-1, max-image-preview:large, max-video-preview:-1\" \/>\n<link rel=\"canonical\" href=\"https:\/\/www.digitalbuero.at\/content\/2017\/05\/28\/a-goal-is-a-dream-with-a-deadline\/\" \/>\n<meta property=\"og:locale\" content=\"de_DE\" \/>\n<meta property=\"og:type\" content=\"article\" \/>\n<meta property=\"og:title\" content=\"A goal is a dream with a deadline - Thomas&#039; Blog\" \/>\n<meta property=\"og:description\" content=\"Zugegeben, ich habe diese Artikel\u00fcberschrift\u00a0nicht erfunden. Das Internet schreibt das Zitat\u00a0einem gewissen Napoleon Hill zu, seines Zeichens US-Schriftsteller des 20. Jahrhunderts. Sie passt wie ich finde\u00a0perfekt zu meinem n\u00e4chsten gro\u00dfen Ziel, das auch einmal als Traum begann: Eine\u00a0Teilnahme am Malibu Half Marathon 2017 in Kalifornien.\" \/>\n<meta property=\"og:url\" content=\"https:\/\/www.digitalbuero.at\/content\/2017\/05\/28\/a-goal-is-a-dream-with-a-deadline\/\" \/>\n<meta property=\"og:site_name\" content=\"Thomas&#039; Blog\" \/>\n<meta property=\"article:publisher\" content=\"https:\/\/www.facebook.com\/thomas.sommeregger\" \/>\n<meta property=\"article:author\" content=\"https:\/\/www.facebook.com\/digitalbuero.at\" \/>\n<meta property=\"article:published_time\" content=\"2017-05-28T17:53:20+00:00\" \/>\n<meta property=\"article:modified_time\" content=\"2019-12-16T13:32:04+00:00\" \/>\n<meta property=\"og:image\" content=\"https:\/\/www.digitalbuero.at\/content\/wp-content\/uploads\/2017\/05\/Bildschirmfoto-2017-05-28-um-04.59.06-1.png\" \/>\n\t<meta property=\"og:image:width\" content=\"1062\" \/>\n\t<meta property=\"og:image:height\" content=\"616\" \/>\n\t<meta property=\"og:image:type\" content=\"image\/png\" \/>\n<meta name=\"author\" content=\"Thomas Sommeregger\" \/>\n<meta name=\"twitter:card\" content=\"summary_large_image\" \/>\n<meta name=\"twitter:creator\" content=\"@tsommeregger\" \/>\n<meta name=\"twitter:site\" content=\"@tsommeregger\" \/>\n<meta name=\"twitter:label1\" content=\"Verfasst von\" \/>\n\t<meta name=\"twitter:data1\" content=\"Thomas Sommeregger\" \/>\n\t<meta name=\"twitter:label2\" content=\"Gesch\u00e4tzte Lesezeit\" \/>\n\t<meta name=\"twitter:data2\" content=\"4\u00a0Minuten\" \/>\n<script type=\"application\/ld+json\" class=\"yoast-schema-graph\">{\"@context\":\"https:\\\/\\\/schema.org\",\"@graph\":[{\"@type\":\"Article\",\"@id\":\"https:\\\/\\\/www.digitalbuero.at\\\/content\\\/2017\\\/05\\\/28\\\/a-goal-is-a-dream-with-a-deadline\\\/#article\",\"isPartOf\":{\"@id\":\"https:\\\/\\\/www.digitalbuero.at\\\/content\\\/2017\\\/05\\\/28\\\/a-goal-is-a-dream-with-a-deadline\\\/\"},\"author\":{\"name\":\"Thomas Sommeregger\",\"@id\":\"https:\\\/\\\/www.digitalbuero.at\\\/content\\\/#\\\/schema\\\/person\\\/7d7adc47b52b6c92021d3a5bce99592e\"},\"headline\":\"A goal is a dream with a deadline\",\"datePublished\":\"2017-05-28T17:53:20+00:00\",\"dateModified\":\"2019-12-16T13:32:04+00:00\",\"mainEntityOfPage\":{\"@id\":\"https:\\\/\\\/www.digitalbuero.at\\\/content\\\/2017\\\/05\\\/28\\\/a-goal-is-a-dream-with-a-deadline\\\/\"},\"wordCount\":813,\"commentCount\":3,\"image\":{\"@id\":\"https:\\\/\\\/www.digitalbuero.at\\\/content\\\/2017\\\/05\\\/28\\\/a-goal-is-a-dream-with-a-deadline\\\/#primaryimage\"},\"thumbnailUrl\":\"https:\\\/\\\/www.digitalbuero.at\\\/content\\\/wp-content\\\/uploads\\\/2017\\\/05\\\/Bildschirmfoto-2017-05-28-um-04.59.06-1.png\",\"keywords\":[\"halbmarathon\",\"laufen\",\"malibu\",\"mallorca\",\"running\"],\"articleSection\":[\"Aktivit\u00e4ten\",\"Sport\",\"Travel\"],\"inLanguage\":\"de\",\"potentialAction\":[{\"@type\":\"CommentAction\",\"name\":\"Comment\",\"target\":[\"https:\\\/\\\/www.digitalbuero.at\\\/content\\\/2017\\\/05\\\/28\\\/a-goal-is-a-dream-with-a-deadline\\\/#respond\"]}]},{\"@type\":\"WebPage\",\"@id\":\"https:\\\/\\\/www.digitalbuero.at\\\/content\\\/2017\\\/05\\\/28\\\/a-goal-is-a-dream-with-a-deadline\\\/\",\"url\":\"https:\\\/\\\/www.digitalbuero.at\\\/content\\\/2017\\\/05\\\/28\\\/a-goal-is-a-dream-with-a-deadline\\\/\",\"name\":\"A goal is a dream with a deadline - Thomas&#039; Blog\",\"isPartOf\":{\"@id\":\"https:\\\/\\\/www.digitalbuero.at\\\/content\\\/#website\"},\"primaryImageOfPage\":{\"@id\":\"https:\\\/\\\/www.digitalbuero.at\\\/content\\\/2017\\\/05\\\/28\\\/a-goal-is-a-dream-with-a-deadline\\\/#primaryimage\"},\"image\":{\"@id\":\"https:\\\/\\\/www.digitalbuero.at\\\/content\\\/2017\\\/05\\\/28\\\/a-goal-is-a-dream-with-a-deadline\\\/#primaryimage\"},\"thumbnailUrl\":\"https:\\\/\\\/www.digitalbuero.at\\\/content\\\/wp-content\\\/uploads\\\/2017\\\/05\\\/Bildschirmfoto-2017-05-28-um-04.59.06-1.png\",\"datePublished\":\"2017-05-28T17:53:20+00:00\",\"dateModified\":\"2019-12-16T13:32:04+00:00\",\"author\":{\"@id\":\"https:\\\/\\\/www.digitalbuero.at\\\/content\\\/#\\\/schema\\\/person\\\/7d7adc47b52b6c92021d3a5bce99592e\"},\"breadcrumb\":{\"@id\":\"https:\\\/\\\/www.digitalbuero.at\\\/content\\\/2017\\\/05\\\/28\\\/a-goal-is-a-dream-with-a-deadline\\\/#breadcrumb\"},\"inLanguage\":\"de\",\"potentialAction\":[{\"@type\":\"ReadAction\",\"target\":[\"https:\\\/\\\/www.digitalbuero.at\\\/content\\\/2017\\\/05\\\/28\\\/a-goal-is-a-dream-with-a-deadline\\\/\"]}]},{\"@type\":\"ImageObject\",\"inLanguage\":\"de\",\"@id\":\"https:\\\/\\\/www.digitalbuero.at\\\/content\\\/2017\\\/05\\\/28\\\/a-goal-is-a-dream-with-a-deadline\\\/#primaryimage\",\"url\":\"https:\\\/\\\/www.digitalbuero.at\\\/content\\\/wp-content\\\/uploads\\\/2017\\\/05\\\/Bildschirmfoto-2017-05-28-um-04.59.06-1.png\",\"contentUrl\":\"https:\\\/\\\/www.digitalbuero.at\\\/content\\\/wp-content\\\/uploads\\\/2017\\\/05\\\/Bildschirmfoto-2017-05-28-um-04.59.06-1.png\",\"width\":1062,\"height\":616,\"caption\":\"Malibu Half Marathon 2017\"},{\"@type\":\"BreadcrumbList\",\"@id\":\"https:\\\/\\\/www.digitalbuero.at\\\/content\\\/2017\\\/05\\\/28\\\/a-goal-is-a-dream-with-a-deadline\\\/#breadcrumb\",\"itemListElement\":[{\"@type\":\"ListItem\",\"position\":1,\"name\":\"Startseite\",\"item\":\"https:\\\/\\\/www.digitalbuero.at\\\/content\\\/\"},{\"@type\":\"ListItem\",\"position\":2,\"name\":\"Travel\",\"item\":\"https:\\\/\\\/www.digitalbuero.at\\\/content\\\/category\\\/travel\\\/\"},{\"@type\":\"ListItem\",\"position\":3,\"name\":\"A goal is a dream with a deadline\"}]},{\"@type\":\"WebSite\",\"@id\":\"https:\\\/\\\/www.digitalbuero.at\\\/content\\\/#website\",\"url\":\"https:\\\/\\\/www.digitalbuero.at\\\/content\\\/\",\"name\":\"Thomas&#039; Blog\",\"description\":\"Meine Gedanken verpackt in Null und Eins, 100% pers\u00f6nlich\",\"potentialAction\":[{\"@type\":\"SearchAction\",\"target\":{\"@type\":\"EntryPoint\",\"urlTemplate\":\"https:\\\/\\\/www.digitalbuero.at\\\/content\\\/?s={search_term_string}\"},\"query-input\":{\"@type\":\"PropertyValueSpecification\",\"valueRequired\":true,\"valueName\":\"search_term_string\"}}],\"inLanguage\":\"de\"},{\"@type\":\"Person\",\"@id\":\"https:\\\/\\\/www.digitalbuero.at\\\/content\\\/#\\\/schema\\\/person\\\/7d7adc47b52b6c92021d3a5bce99592e\",\"name\":\"Thomas Sommeregger\",\"description\":\"Hallo, mein Name ist Thomas Sommeregger. Ich bin Betreiber sowie Haupt-Autor von Thomas' Blog. Meine Gedanken drehen sich hier recht breit um das Arbeits-, Familien- und Freizeitleben. Als Patchwork-Vater, Unternehmer und Hobby-Marathonl\u00e4ufer lebe ich in der Stadt Salzburg in \u00d6sterreich. Wenn dich Online Marketing, Unternehmertum, (Lauf-)Sport oder hin und wieder die eine oder andere Anekdote von mir interessieren, freue ich mich, wenn du mir weiter folgst.\",\"sameAs\":[\"https:\\\/\\\/www.digitalbuero.at\",\"https:\\\/\\\/www.facebook.com\\\/digitalbuero.at\",\"https:\\\/\\\/twitter.com\\\/tsommeregger\",\"https:\\\/\\\/www.linkedin.com\\\/in\\\/thomassommeregger\",\"https:\\\/\\\/x.com\\\/tsommeregger\",\"https:\\\/\\\/soundcloud.com\\\/user-649426735\"],\"url\":\"https:\\\/\\\/www.digitalbuero.at\\\/content\\\/author\\\/thomas\\\/\"}]}<\/script>\n<!-- \/ Yoast SEO plugin. -->","yoast_head_json":{"title":"A goal is a dream with a deadline - Thomas&#039; Blog","robots":{"index":"index","follow":"follow","max-snippet":"max-snippet:-1","max-image-preview":"max-image-preview:large","max-video-preview":"max-video-preview:-1"},"canonical":"https:\/\/www.digitalbuero.at\/content\/2017\/05\/28\/a-goal-is-a-dream-with-a-deadline\/","og_locale":"de_DE","og_type":"article","og_title":"A goal is a dream with a deadline - Thomas&#039; Blog","og_description":"Zugegeben, ich habe diese Artikel\u00fcberschrift\u00a0nicht erfunden. Das Internet schreibt das Zitat\u00a0einem gewissen Napoleon Hill zu, seines Zeichens US-Schriftsteller des 20. Jahrhunderts. Sie passt wie ich finde\u00a0perfekt zu meinem n\u00e4chsten gro\u00dfen Ziel, das auch einmal als Traum begann: Eine\u00a0Teilnahme am Malibu Half Marathon 2017 in Kalifornien.","og_url":"https:\/\/www.digitalbuero.at\/content\/2017\/05\/28\/a-goal-is-a-dream-with-a-deadline\/","og_site_name":"Thomas&#039; Blog","article_publisher":"https:\/\/www.facebook.com\/thomas.sommeregger","article_author":"https:\/\/www.facebook.com\/digitalbuero.at","article_published_time":"2017-05-28T17:53:20+00:00","article_modified_time":"2019-12-16T13:32:04+00:00","og_image":[{"width":1062,"height":616,"url":"https:\/\/www.digitalbuero.at\/content\/wp-content\/uploads\/2017\/05\/Bildschirmfoto-2017-05-28-um-04.59.06-1.png","type":"image\/png"}],"author":"Thomas Sommeregger","twitter_card":"summary_large_image","twitter_creator":"@tsommeregger","twitter_site":"@tsommeregger","twitter_misc":{"Verfasst von":"Thomas Sommeregger","Gesch\u00e4tzte Lesezeit":"4\u00a0Minuten"},"schema":{"@context":"https:\/\/schema.org","@graph":[{"@type":"Article","@id":"https:\/\/www.digitalbuero.at\/content\/2017\/05\/28\/a-goal-is-a-dream-with-a-deadline\/#article","isPartOf":{"@id":"https:\/\/www.digitalbuero.at\/content\/2017\/05\/28\/a-goal-is-a-dream-with-a-deadline\/"},"author":{"name":"Thomas Sommeregger","@id":"https:\/\/www.digitalbuero.at\/content\/#\/schema\/person\/7d7adc47b52b6c92021d3a5bce99592e"},"headline":"A goal is a dream with a deadline","datePublished":"2017-05-28T17:53:20+00:00","dateModified":"2019-12-16T13:32:04+00:00","mainEntityOfPage":{"@id":"https:\/\/www.digitalbuero.at\/content\/2017\/05\/28\/a-goal-is-a-dream-with-a-deadline\/"},"wordCount":813,"commentCount":3,"image":{"@id":"https:\/\/www.digitalbuero.at\/content\/2017\/05\/28\/a-goal-is-a-dream-with-a-deadline\/#primaryimage"},"thumbnailUrl":"https:\/\/www.digitalbuero.at\/content\/wp-content\/uploads\/2017\/05\/Bildschirmfoto-2017-05-28-um-04.59.06-1.png","keywords":["halbmarathon","laufen","malibu","mallorca","running"],"articleSection":["Aktivit\u00e4ten","Sport","Travel"],"inLanguage":"de","potentialAction":[{"@type":"CommentAction","name":"Comment","target":["https:\/\/www.digitalbuero.at\/content\/2017\/05\/28\/a-goal-is-a-dream-with-a-deadline\/#respond"]}]},{"@type":"WebPage","@id":"https:\/\/www.digitalbuero.at\/content\/2017\/05\/28\/a-goal-is-a-dream-with-a-deadline\/","url":"https:\/\/www.digitalbuero.at\/content\/2017\/05\/28\/a-goal-is-a-dream-with-a-deadline\/","name":"A goal is a dream with a deadline - Thomas&#039; Blog","isPartOf":{"@id":"https:\/\/www.digitalbuero.at\/content\/#website"},"primaryImageOfPage":{"@id":"https:\/\/www.digitalbuero.at\/content\/2017\/05\/28\/a-goal-is-a-dream-with-a-deadline\/#primaryimage"},"image":{"@id":"https:\/\/www.digitalbuero.at\/content\/2017\/05\/28\/a-goal-is-a-dream-with-a-deadline\/#primaryimage"},"thumbnailUrl":"https:\/\/www.digitalbuero.at\/content\/wp-content\/uploads\/2017\/05\/Bildschirmfoto-2017-05-28-um-04.59.06-1.png","datePublished":"2017-05-28T17:53:20+00:00","dateModified":"2019-12-16T13:32:04+00:00","author":{"@id":"https:\/\/www.digitalbuero.at\/content\/#\/schema\/person\/7d7adc47b52b6c92021d3a5bce99592e"},"breadcrumb":{"@id":"https:\/\/www.digitalbuero.at\/content\/2017\/05\/28\/a-goal-is-a-dream-with-a-deadline\/#breadcrumb"},"inLanguage":"de","potentialAction":[{"@type":"ReadAction","target":["https:\/\/www.digitalbuero.at\/content\/2017\/05\/28\/a-goal-is-a-dream-with-a-deadline\/"]}]},{"@type":"ImageObject","inLanguage":"de","@id":"https:\/\/www.digitalbuero.at\/content\/2017\/05\/28\/a-goal-is-a-dream-with-a-deadline\/#primaryimage","url":"https:\/\/www.digitalbuero.at\/content\/wp-content\/uploads\/2017\/05\/Bildschirmfoto-2017-05-28-um-04.59.06-1.png","contentUrl":"https:\/\/www.digitalbuero.at\/content\/wp-content\/uploads\/2017\/05\/Bildschirmfoto-2017-05-28-um-04.59.06-1.png","width":1062,"height":616,"caption":"Malibu Half Marathon 2017"},{"@type":"BreadcrumbList","@id":"https:\/\/www.digitalbuero.at\/content\/2017\/05\/28\/a-goal-is-a-dream-with-a-deadline\/#breadcrumb","itemListElement":[{"@type":"ListItem","position":1,"name":"Startseite","item":"https:\/\/www.digitalbuero.at\/content\/"},{"@type":"ListItem","position":2,"name":"Travel","item":"https:\/\/www.digitalbuero.at\/content\/category\/travel\/"},{"@type":"ListItem","position":3,"name":"A goal is a dream with a deadline"}]},{"@type":"WebSite","@id":"https:\/\/www.digitalbuero.at\/content\/#website","url":"https:\/\/www.digitalbuero.at\/content\/","name":"Thomas&#039; Blog","description":"Meine Gedanken verpackt in Null und Eins, 100% pers\u00f6nlich","potentialAction":[{"@type":"SearchAction","target":{"@type":"EntryPoint","urlTemplate":"https:\/\/www.digitalbuero.at\/content\/?s={search_term_string}"},"query-input":{"@type":"PropertyValueSpecification","valueRequired":true,"valueName":"search_term_string"}}],"inLanguage":"de"},{"@type":"Person","@id":"https:\/\/www.digitalbuero.at\/content\/#\/schema\/person\/7d7adc47b52b6c92021d3a5bce99592e","name":"Thomas Sommeregger","description":"Hallo, mein Name ist Thomas Sommeregger. Ich bin Betreiber sowie Haupt-Autor von Thomas' Blog. Meine Gedanken drehen sich hier recht breit um das Arbeits-, Familien- und Freizeitleben. Als Patchwork-Vater, Unternehmer und Hobby-Marathonl\u00e4ufer lebe ich in der Stadt Salzburg in \u00d6sterreich. Wenn dich Online Marketing, Unternehmertum, (Lauf-)Sport oder hin und wieder die eine oder andere Anekdote von mir interessieren, freue ich mich, wenn du mir weiter folgst.","sameAs":["https:\/\/www.digitalbuero.at","https:\/\/www.facebook.com\/digitalbuero.at","https:\/\/twitter.com\/tsommeregger","https:\/\/www.linkedin.com\/in\/thomassommeregger","https:\/\/x.com\/tsommeregger","https:\/\/soundcloud.com\/user-649426735"],"url":"https:\/\/www.digitalbuero.at\/content\/author\/thomas\/"}]}},"post_mailing_queue_ids":[],"_links":{"self":[{"href":"https:\/\/www.digitalbuero.at\/content\/wp-json\/wp\/v2\/posts\/602","targetHints":{"allow":["GET"]}}],"collection":[{"href":"https:\/\/www.digitalbuero.at\/content\/wp-json\/wp\/v2\/posts"}],"about":[{"href":"https:\/\/www.digitalbuero.at\/content\/wp-json\/wp\/v2\/types\/post"}],"author":[{"embeddable":true,"href":"https:\/\/www.digitalbuero.at\/content\/wp-json\/wp\/v2\/users\/2"}],"replies":[{"embeddable":true,"href":"https:\/\/www.digitalbuero.at\/content\/wp-json\/wp\/v2\/comments?post=602"}],"version-history":[{"count":0,"href":"https:\/\/www.digitalbuero.at\/content\/wp-json\/wp\/v2\/posts\/602\/revisions"}],"wp:featuredmedia":[{"embeddable":true,"href":"https:\/\/www.digitalbuero.at\/content\/wp-json\/wp\/v2\/media\/623"}],"wp:attachment":[{"href":"https:\/\/www.digitalbuero.at\/content\/wp-json\/wp\/v2\/media?parent=602"}],"wp:term":[{"taxonomy":"category","embeddable":true,"href":"https:\/\/www.digitalbuero.at\/content\/wp-json\/wp\/v2\/categories?post=602"},{"taxonomy":"post_tag","embeddable":true,"href":"https:\/\/www.digitalbuero.at\/content\/wp-json\/wp\/v2\/tags?post=602"}],"curies":[{"name":"wp","href":"https:\/\/api.w.org\/{rel}","templated":true}]}}