{"id":1925,"date":"2021-07-26T07:30:00","date_gmt":"2021-07-26T05:30:00","guid":{"rendered":"https:\/\/www.digitalbuero.at\/content\/?p=1925"},"modified":"2021-07-25T15:44:44","modified_gmt":"2021-07-25T13:44:44","slug":"digitalisierung-in-oesterreich-fail","status":"publish","type":"post","link":"https:\/\/www.digitalbuero.at\/content\/2021\/07\/26\/digitalisierung-in-oesterreich-fail\/","title":{"rendered":"Digitalisierung in \u00d6sterreich, das n\u00e4chste Kapitel #FAIL"},"content":{"rendered":"\n<p class=\"has-drop-cap\">Also, das mit der <strong>Digitalisierung in \u00d6sterreich<\/strong> ist ja ein ganz sagen wir mal &#8222;spezielles&#8220; Thema. Siehe dazu beispielsweise meinen Artikel zum <a href=\"https:\/\/www.digitalbuero.at\/content\/2020\/12\/01\/kaufhaus-osterreich-themenverfehlung\/\">Kaufhaus \u00d6sterreich<\/a> Ende letzten Jahres. Seit diesem Sommerwochenende ist es nicht zuletzt aufgrund dieses <a href=\"https:\/\/www.derstandard.at\/story\/2000128406898\/ministerium-zahlte-fuer-schramboeck-sendungen-in-orf-320-000-euro\" target=\"_blank\" rel=\"noreferrer noopener\">Berichtes<\/a> und meiner <strong>folgenden Entdeckung <\/strong>um mindestens zwei Kapitel reicher.<\/p>\n\n\n\n<!--more-->\n\n\n\n<p>Man abonniere ein <a href=\"https:\/\/www.forbes.at\/\" target=\"_blank\" rel=\"noreferrer noopener\">Forbes Magazin<\/a> und bl\u00e4ttere w\u00e4hrend der sommerlichen K1-Quarant\u00e4ne ein bisschen darin. Worauf einem das folgende ganzseitige <strong>Inserat der Bundesregierung<\/strong> ins Auge sticht. Mir zumindest, denn\u2026&nbsp;Moment, da stimmt doch was nicht!?<\/p>\n\n\n\n<figure class=\"wp-block-image size-large\"><img decoding=\"async\" width=\"1024\" height=\"1024\" src=\"https:\/\/www.digitalbuero.at\/content\/wp-content\/uploads\/2021\/07\/digitalisierung-in-oesterreich-inserat-forbes-06-21-1024x1024.jpg\" alt=\"Digitalisierung in \u00d6sterreich, Inserat Juni 2021, Forbes Magazin, QR-Code im &quot;Mapperl&quot; \u00a9 Thomas Sommeregger\" class=\"wp-image-1926\" srcset=\"https:\/\/www.digitalbuero.at\/content\/wp-content\/uploads\/2021\/07\/digitalisierung-in-oesterreich-inserat-forbes-06-21-1024x1024.jpg 1024w, https:\/\/www.digitalbuero.at\/content\/wp-content\/uploads\/2021\/07\/digitalisierung-in-oesterreich-inserat-forbes-06-21-300x300.jpg 300w, https:\/\/www.digitalbuero.at\/content\/wp-content\/uploads\/2021\/07\/digitalisierung-in-oesterreich-inserat-forbes-06-21-150x150.jpg 150w, https:\/\/www.digitalbuero.at\/content\/wp-content\/uploads\/2021\/07\/digitalisierung-in-oesterreich-inserat-forbes-06-21-768x768.jpg 768w, https:\/\/www.digitalbuero.at\/content\/wp-content\/uploads\/2021\/07\/digitalisierung-in-oesterreich-inserat-forbes-06-21-1536x1536.jpg 1536w, https:\/\/www.digitalbuero.at\/content\/wp-content\/uploads\/2021\/07\/digitalisierung-in-oesterreich-inserat-forbes-06-21-1200x1200.jpg 1200w, https:\/\/www.digitalbuero.at\/content\/wp-content\/uploads\/2021\/07\/digitalisierung-in-oesterreich-inserat-forbes-06-21.jpg 1600w\" sizes=\"(max-width: 1024px) 100vw, 1024px\" \/><figcaption>Jetzt auch (fast) digital: Ist er nicht sch\u00f6n, der abgeschnittene, nicht funktionierende QR-Code im &#8222;\u00d6sterreich-Mapperl&#8220;?<\/figcaption><\/figure>\n\n\n\n<p>So etwas stammt wohl aus der Abteilung &#8222;Wenn&#8217;s mit den DesignerInnen wieder mal kreativ durchgeht&#8220;, beim Gestalten vom Print-Inserat.<\/p>\n\n\n\n<p>H\u00e4tte man in dieser Werbeanzeige der Bundesregierung n\u00e4mlich den <strong>QR-Code <\/strong>nicht <strong>abgeschnitten<\/strong> und gestalterisch ins kleine &#8222;\u00d6sterreich-Mapperl&#8220; verpackt, man k\u00f6nnte ihn dann tats\u00e4chlich auch nutzen und abfotografieren. Damit einen moderne Smartphone-Kameras einfach und bequem, ohne gro\u00df zu tippen, zum weiterf\u00fchrenden Link verweisen. <\/p>\n\n\n\n<figure class=\"wp-block-pullquote\"><blockquote><p>&#8222;QR Code in a Mapperl&#8220; als neues Synonym und Leitbild f\u00fcr die Digitalisierung in \u00d6sterreich im Jahr 2021?<\/p><cite>\u2013&nbsp;Ich, wenn ich l\u00e4nger dr\u00fcber nachdenke\u2026<\/cite><\/blockquote><\/figure>\n\n\n\n<p>Da frage ich mich, <strong>wer macht sowas und wer gibt sowas frei?<\/strong> Da m\u00fcssen doch mindestens ein\/e Designer\/in, Vorgesetze\/r und schlie\u00dflich Auftraggeber\/in im Spiel gewesen sein? Und eine\/r davon h\u00e4tte durchaus auffallen k\u00f6nnen: &#8222;Hey, w\u00e4re es nicht gro\u00dfartig, wenn der QR-Code funktionieren w\u00fcrde?&#8220;.<\/p>\n\n\n\n<h2 class=\"wp-block-heading\">Digitalisierung in \u00d6sterreich 2021 \u2013&nbsp;Da geht noch was!<\/h2>\n\n\n\n<p>Ich bin \u00fcberzeugt davon, dass sich ansprechende, <strong>kreative Inserate<\/strong> und Printmaterialien auch <em>mit<\/em> funktionierenden QR-Codes gestalten lassen. Kennst du vielleicht bessere Beispiele?<\/p>\n\n\n\n<p>Anyway, ich musste das einfach kurz loswerden und hier festhalten. Ansonsten glaubt mir das sp\u00e4ter keine\/r. ;)<\/p>\n\n\n\n<p>Abschlie\u00dfend noch ein <strong>funktionierender QR-Code <\/strong>f\u00fcr dich (falls du das nicht ohnehin bereits am Smartphone liest, einfach abfotografieren). Oder auch f\u00fcr die Designer des Inserates f\u00fcrs n\u00e4chste Update \u2013&nbsp;you&#8217;re welcome!<\/p>\n\n\n\n<figure class=\"wp-block-image size-full\"><img decoding=\"async\" width=\"300\" height=\"300\" src=\"https:\/\/www.digitalbuero.at\/content\/wp-content\/uploads\/2021\/07\/gruener-pass-oesterreich-qr-code.png\" alt=\"Der Gr\u00fcne Pass \u00d6sterreich \u2013\u00a0Website aufrufen\" class=\"wp-image-1939\" srcset=\"https:\/\/www.digitalbuero.at\/content\/wp-content\/uploads\/2021\/07\/gruener-pass-oesterreich-qr-code.png 300w, https:\/\/www.digitalbuero.at\/content\/wp-content\/uploads\/2021\/07\/gruener-pass-oesterreich-qr-code-150x150.png 150w\" sizes=\"(max-width: 300px) 100vw, 300px\" \/><figcaption>Eigentlich ganz einfach: Funktionierender QR-Code &#8222;Der Gr\u00fcne Pass&#8220; (erstellt mit <a href=\"https:\/\/www.qr-code-generator.com\/\" target=\"_blank\" rel=\"noreferrer noopener\">https:\/\/www.qr-code-generator.com\/<\/a>)<\/figcaption><\/figure>\n\n\n\n<p>Und abschlie\u00dfend der beworbene <strong>Service-Link<\/strong> noch mal &#8222;einfach so&#8220;, f\u00fcr dich zum Weiterklicken: <strong><a href=\"https:\/\/gruenerpass.gv.at\/\" target=\"_blank\" rel=\"noreferrer noopener\">Der Gr\u00fcne Pass<\/a><\/strong>.<\/p>\n\n\n\n<p>Einen sch\u00f6nen Sommer!<br>Stay safe, sane &amp; healthy,<\/p>\n\n\n\n<figure class=\"wp-block-image size-full\"><a href=\"https:\/\/www.digitalbuero.at\/content\/wp-content\/uploads\/2020\/10\/signature-thomas.png\" rel=\"lightbox[1925]\"><img decoding=\"async\" width=\"160\" height=\"100\" src=\"https:\/\/www.digitalbuero.at\/content\/wp-content\/uploads\/2020\/10\/signature-thomas.png\" alt=\"Signature Thomas\" class=\"wp-image-1138\"\/><\/a><\/figure>\n\n\n\n<p>PS: Erst jetzt habe ich gelernt, was die Abk\u00fcrzung &#8222;QR&#8220; bedeutet, und zwar &#8222;Quick Response&#8220; (eigentlich logisch), <a href=\"https:\/\/de.wikipedia.org\/wiki\/QR-Code#Geschichte\" target=\"_blank\" rel=\"noreferrer noopener\">Wikipedia<\/a> sei Dank. In Japan vor knapp 30 Jahren in der Automobilindustrie erfunden, ist der <strong>Quick Response-Code<\/strong> dank Smartphone-Kameras heute popul\u00e4rer denn je. Man muss ihn einfach nur lesbar und vollst\u00e4ndig darstellen\u2026 :) <\/p>\n","protected":false},"excerpt":{"rendered":"<p>Also, das mit der Digitalisierung in \u00d6sterreich ist ja ein ganz sagen wir mal &#8222;spezielles&#8220; Thema. Siehe dazu beispielsweise meinen Artikel zum Kaufhaus \u00d6sterreich Ende letzten Jahres. Seit diesem Sommerwochenende ist es nicht zuletzt aufgrund dieses Berichtes und meiner folgenden Entdeckung um mindestens zwei Kapitel reicher.<\/p>\n","protected":false},"author":2,"featured_media":1927,"comment_status":"open","ping_status":"open","sticky":false,"template":"","format":"standard","meta":{"footnotes":""},"categories":[167,131,350,12],"tags":[443,449,447,448,446,452,451,392,445,444,442,450,166],"class_list":["post-1925","post","type-post","status-publish","format-standard","has-post-thumbnail","hentry","category-design","category-kurioses","category-online-marketing","category-web","tag-advertising","tag-bundesregierung","tag-digitalisierung","tag-fail","tag-formfollowsfunction","tag-gruenerpass","tag-inserat","tag-lifelonglearning","tag-oesterreich","tag-printdesign","tag-qrcode","tag-werbefails","tag-werbung"],"yoast_head":"<!-- This site is optimized with the Yoast SEO plugin v27.5 - https:\/\/yoast.com\/product\/yoast-seo-wordpress\/ -->\n<title>Digitalisierung in \u00d6sterreich, das n\u00e4chste Kapitel #FAIL - Thomas&#039; Blog<\/title>\n<meta name=\"description\" content=\"Hm\u2026 das mit der Digitalisierung in \u00d6sterreich ist so eine Sache. Eine, die nicht ganz rund l\u00e4uft, wie auch dieser kleine Design #FAIL zeigt.\" \/>\n<meta name=\"robots\" content=\"index, follow, max-snippet:-1, max-image-preview:large, max-video-preview:-1\" \/>\n<link rel=\"canonical\" href=\"https:\/\/www.digitalbuero.at\/content\/2021\/07\/26\/digitalisierung-in-oesterreich-fail\/\" \/>\n<meta property=\"og:locale\" content=\"de_DE\" \/>\n<meta property=\"og:type\" content=\"article\" \/>\n<meta property=\"og:title\" content=\"Digitalisierung in \u00d6sterreich, das n\u00e4chste Kapitel #FAIL - Thomas&#039; Blog\" \/>\n<meta property=\"og:description\" content=\"Hm\u2026 das mit der Digitalisierung in \u00d6sterreich ist so eine Sache. Eine, die nicht ganz rund l\u00e4uft, wie auch dieser kleine Design #FAIL zeigt.\" \/>\n<meta property=\"og:url\" content=\"https:\/\/www.digitalbuero.at\/content\/2021\/07\/26\/digitalisierung-in-oesterreich-fail\/\" \/>\n<meta property=\"og:site_name\" content=\"Thomas&#039; Blog\" \/>\n<meta property=\"article:publisher\" content=\"https:\/\/www.facebook.com\/thomas.sommeregger\" \/>\n<meta property=\"article:author\" content=\"https:\/\/www.facebook.com\/digitalbuero.at\" \/>\n<meta property=\"article:published_time\" content=\"2021-07-26T05:30:00+00:00\" \/>\n<meta property=\"og:image\" content=\"https:\/\/www.digitalbuero.at\/content\/wp-content\/uploads\/2021\/07\/digitalisierung-in-oesterreich-qr-code.jpg\" \/>\n\t<meta property=\"og:image:width\" content=\"1920\" \/>\n\t<meta property=\"og:image:height\" content=\"1080\" \/>\n\t<meta property=\"og:image:type\" content=\"image\/jpeg\" \/>\n<meta name=\"author\" content=\"Thomas Sommeregger\" \/>\n<meta name=\"twitter:card\" content=\"summary_large_image\" \/>\n<meta name=\"twitter:creator\" content=\"@tsommeregger\" \/>\n<meta name=\"twitter:site\" content=\"@tsommeregger\" \/>\n<meta name=\"twitter:label1\" content=\"Verfasst von\" \/>\n\t<meta name=\"twitter:data1\" content=\"Thomas Sommeregger\" \/>\n\t<meta name=\"twitter:label2\" content=\"Gesch\u00e4tzte Lesezeit\" \/>\n\t<meta name=\"twitter:data2\" content=\"3\u00a0Minuten\" \/>\n<script type=\"application\/ld+json\" class=\"yoast-schema-graph\">{\"@context\":\"https:\\\/\\\/schema.org\",\"@graph\":[{\"@type\":\"Article\",\"@id\":\"https:\\\/\\\/www.digitalbuero.at\\\/content\\\/2021\\\/07\\\/26\\\/digitalisierung-in-oesterreich-fail\\\/#article\",\"isPartOf\":{\"@id\":\"https:\\\/\\\/www.digitalbuero.at\\\/content\\\/2021\\\/07\\\/26\\\/digitalisierung-in-oesterreich-fail\\\/\"},\"author\":{\"name\":\"Thomas Sommeregger\",\"@id\":\"https:\\\/\\\/www.digitalbuero.at\\\/content\\\/#\\\/schema\\\/person\\\/7d7adc47b52b6c92021d3a5bce99592e\"},\"headline\":\"Digitalisierung in \u00d6sterreich, das n\u00e4chste Kapitel #FAIL\",\"datePublished\":\"2021-07-26T05:30:00+00:00\",\"mainEntityOfPage\":{\"@id\":\"https:\\\/\\\/www.digitalbuero.at\\\/content\\\/2021\\\/07\\\/26\\\/digitalisierung-in-oesterreich-fail\\\/\"},\"wordCount\":437,\"commentCount\":0,\"image\":{\"@id\":\"https:\\\/\\\/www.digitalbuero.at\\\/content\\\/2021\\\/07\\\/26\\\/digitalisierung-in-oesterreich-fail\\\/#primaryimage\"},\"thumbnailUrl\":\"https:\\\/\\\/www.digitalbuero.at\\\/content\\\/wp-content\\\/uploads\\\/2021\\\/07\\\/digitalisierung-in-oesterreich-qr-code.jpg\",\"keywords\":[\"advertising\",\"Bundesregierung\",\"Digitalisierung\",\"fail\",\"Formfollowsfunction\",\"gruenerpass\",\"Inserat\",\"lifelonglearning\",\"\u00d6sterreich\",\"printdesign\",\"qrcode\",\"werbefails\",\"Werbung\"],\"articleSection\":[\"Design\",\"Kurioses\",\"Online Marketing\",\"Web\"],\"inLanguage\":\"de\",\"potentialAction\":[{\"@type\":\"CommentAction\",\"name\":\"Comment\",\"target\":[\"https:\\\/\\\/www.digitalbuero.at\\\/content\\\/2021\\\/07\\\/26\\\/digitalisierung-in-oesterreich-fail\\\/#respond\"]}]},{\"@type\":\"WebPage\",\"@id\":\"https:\\\/\\\/www.digitalbuero.at\\\/content\\\/2021\\\/07\\\/26\\\/digitalisierung-in-oesterreich-fail\\\/\",\"url\":\"https:\\\/\\\/www.digitalbuero.at\\\/content\\\/2021\\\/07\\\/26\\\/digitalisierung-in-oesterreich-fail\\\/\",\"name\":\"Digitalisierung in \u00d6sterreich, das n\u00e4chste Kapitel #FAIL - Thomas&#039; Blog\",\"isPartOf\":{\"@id\":\"https:\\\/\\\/www.digitalbuero.at\\\/content\\\/#website\"},\"primaryImageOfPage\":{\"@id\":\"https:\\\/\\\/www.digitalbuero.at\\\/content\\\/2021\\\/07\\\/26\\\/digitalisierung-in-oesterreich-fail\\\/#primaryimage\"},\"image\":{\"@id\":\"https:\\\/\\\/www.digitalbuero.at\\\/content\\\/2021\\\/07\\\/26\\\/digitalisierung-in-oesterreich-fail\\\/#primaryimage\"},\"thumbnailUrl\":\"https:\\\/\\\/www.digitalbuero.at\\\/content\\\/wp-content\\\/uploads\\\/2021\\\/07\\\/digitalisierung-in-oesterreich-qr-code.jpg\",\"datePublished\":\"2021-07-26T05:30:00+00:00\",\"author\":{\"@id\":\"https:\\\/\\\/www.digitalbuero.at\\\/content\\\/#\\\/schema\\\/person\\\/7d7adc47b52b6c92021d3a5bce99592e\"},\"description\":\"Hm\u2026 das mit der Digitalisierung in \u00d6sterreich ist so eine Sache. Eine, die nicht ganz rund l\u00e4uft, wie auch dieser kleine Design #FAIL zeigt.\",\"breadcrumb\":{\"@id\":\"https:\\\/\\\/www.digitalbuero.at\\\/content\\\/2021\\\/07\\\/26\\\/digitalisierung-in-oesterreich-fail\\\/#breadcrumb\"},\"inLanguage\":\"de\",\"potentialAction\":[{\"@type\":\"ReadAction\",\"target\":[\"https:\\\/\\\/www.digitalbuero.at\\\/content\\\/2021\\\/07\\\/26\\\/digitalisierung-in-oesterreich-fail\\\/\"]}]},{\"@type\":\"ImageObject\",\"inLanguage\":\"de\",\"@id\":\"https:\\\/\\\/www.digitalbuero.at\\\/content\\\/2021\\\/07\\\/26\\\/digitalisierung-in-oesterreich-fail\\\/#primaryimage\",\"url\":\"https:\\\/\\\/www.digitalbuero.at\\\/content\\\/wp-content\\\/uploads\\\/2021\\\/07\\\/digitalisierung-in-oesterreich-qr-code.jpg\",\"contentUrl\":\"https:\\\/\\\/www.digitalbuero.at\\\/content\\\/wp-content\\\/uploads\\\/2021\\\/07\\\/digitalisierung-in-oesterreich-qr-code.jpg\",\"width\":1920,\"height\":1080,\"caption\":\"Digitalisierung in \u00d6sterreich 2021\"},{\"@type\":\"BreadcrumbList\",\"@id\":\"https:\\\/\\\/www.digitalbuero.at\\\/content\\\/2021\\\/07\\\/26\\\/digitalisierung-in-oesterreich-fail\\\/#breadcrumb\",\"itemListElement\":[{\"@type\":\"ListItem\",\"position\":1,\"name\":\"Startseite\",\"item\":\"https:\\\/\\\/www.digitalbuero.at\\\/content\\\/\"},{\"@type\":\"ListItem\",\"position\":2,\"name\":\"Kurioses\",\"item\":\"https:\\\/\\\/www.digitalbuero.at\\\/content\\\/category\\\/kurioses\\\/\"},{\"@type\":\"ListItem\",\"position\":3,\"name\":\"Digitalisierung in \u00d6sterreich, das n\u00e4chste Kapitel #FAIL\"}]},{\"@type\":\"WebSite\",\"@id\":\"https:\\\/\\\/www.digitalbuero.at\\\/content\\\/#website\",\"url\":\"https:\\\/\\\/www.digitalbuero.at\\\/content\\\/\",\"name\":\"Thomas&#039; Blog\",\"description\":\"Meine Gedanken verpackt in Null und Eins, 100% pers\u00f6nlich\",\"potentialAction\":[{\"@type\":\"SearchAction\",\"target\":{\"@type\":\"EntryPoint\",\"urlTemplate\":\"https:\\\/\\\/www.digitalbuero.at\\\/content\\\/?s={search_term_string}\"},\"query-input\":{\"@type\":\"PropertyValueSpecification\",\"valueRequired\":true,\"valueName\":\"search_term_string\"}}],\"inLanguage\":\"de\"},{\"@type\":\"Person\",\"@id\":\"https:\\\/\\\/www.digitalbuero.at\\\/content\\\/#\\\/schema\\\/person\\\/7d7adc47b52b6c92021d3a5bce99592e\",\"name\":\"Thomas Sommeregger\",\"description\":\"Hallo, mein Name ist Thomas Sommeregger. Ich bin Betreiber sowie Haupt-Autor von Thomas' Blog. Meine Gedanken drehen sich hier recht breit um das Arbeits-, Familien- und Freizeitleben. Als Patchwork-Vater, Unternehmer und Hobby-Marathonl\u00e4ufer lebe ich in der Stadt Salzburg in \u00d6sterreich. Wenn dich Online Marketing, Unternehmertum, (Lauf-)Sport oder hin und wieder die eine oder andere Anekdote von mir interessieren, freue ich mich, wenn du mir weiter folgst.\",\"sameAs\":[\"https:\\\/\\\/www.digitalbuero.at\",\"https:\\\/\\\/www.facebook.com\\\/digitalbuero.at\",\"https:\\\/\\\/twitter.com\\\/tsommeregger\",\"https:\\\/\\\/www.linkedin.com\\\/in\\\/thomassommeregger\",\"https:\\\/\\\/x.com\\\/tsommeregger\",\"https:\\\/\\\/soundcloud.com\\\/user-649426735\"],\"url\":\"https:\\\/\\\/www.digitalbuero.at\\\/content\\\/author\\\/thomas\\\/\"}]}<\/script>\n<!-- \/ Yoast SEO plugin. -->","yoast_head_json":{"title":"Digitalisierung in \u00d6sterreich, das n\u00e4chste Kapitel #FAIL - Thomas&#039; Blog","description":"Hm\u2026 das mit der Digitalisierung in \u00d6sterreich ist so eine Sache. Eine, die nicht ganz rund l\u00e4uft, wie auch dieser kleine Design #FAIL zeigt.","robots":{"index":"index","follow":"follow","max-snippet":"max-snippet:-1","max-image-preview":"max-image-preview:large","max-video-preview":"max-video-preview:-1"},"canonical":"https:\/\/www.digitalbuero.at\/content\/2021\/07\/26\/digitalisierung-in-oesterreich-fail\/","og_locale":"de_DE","og_type":"article","og_title":"Digitalisierung in \u00d6sterreich, das n\u00e4chste Kapitel #FAIL - Thomas&#039; Blog","og_description":"Hm\u2026 das mit der Digitalisierung in \u00d6sterreich ist so eine Sache. Eine, die nicht ganz rund l\u00e4uft, wie auch dieser kleine Design #FAIL zeigt.","og_url":"https:\/\/www.digitalbuero.at\/content\/2021\/07\/26\/digitalisierung-in-oesterreich-fail\/","og_site_name":"Thomas&#039; Blog","article_publisher":"https:\/\/www.facebook.com\/thomas.sommeregger","article_author":"https:\/\/www.facebook.com\/digitalbuero.at","article_published_time":"2021-07-26T05:30:00+00:00","og_image":[{"width":1920,"height":1080,"url":"https:\/\/www.digitalbuero.at\/content\/wp-content\/uploads\/2021\/07\/digitalisierung-in-oesterreich-qr-code.jpg","type":"image\/jpeg"}],"author":"Thomas Sommeregger","twitter_card":"summary_large_image","twitter_creator":"@tsommeregger","twitter_site":"@tsommeregger","twitter_misc":{"Verfasst von":"Thomas Sommeregger","Gesch\u00e4tzte Lesezeit":"3\u00a0Minuten"},"schema":{"@context":"https:\/\/schema.org","@graph":[{"@type":"Article","@id":"https:\/\/www.digitalbuero.at\/content\/2021\/07\/26\/digitalisierung-in-oesterreich-fail\/#article","isPartOf":{"@id":"https:\/\/www.digitalbuero.at\/content\/2021\/07\/26\/digitalisierung-in-oesterreich-fail\/"},"author":{"name":"Thomas Sommeregger","@id":"https:\/\/www.digitalbuero.at\/content\/#\/schema\/person\/7d7adc47b52b6c92021d3a5bce99592e"},"headline":"Digitalisierung in \u00d6sterreich, das n\u00e4chste Kapitel #FAIL","datePublished":"2021-07-26T05:30:00+00:00","mainEntityOfPage":{"@id":"https:\/\/www.digitalbuero.at\/content\/2021\/07\/26\/digitalisierung-in-oesterreich-fail\/"},"wordCount":437,"commentCount":0,"image":{"@id":"https:\/\/www.digitalbuero.at\/content\/2021\/07\/26\/digitalisierung-in-oesterreich-fail\/#primaryimage"},"thumbnailUrl":"https:\/\/www.digitalbuero.at\/content\/wp-content\/uploads\/2021\/07\/digitalisierung-in-oesterreich-qr-code.jpg","keywords":["advertising","Bundesregierung","Digitalisierung","fail","Formfollowsfunction","gruenerpass","Inserat","lifelonglearning","\u00d6sterreich","printdesign","qrcode","werbefails","Werbung"],"articleSection":["Design","Kurioses","Online Marketing","Web"],"inLanguage":"de","potentialAction":[{"@type":"CommentAction","name":"Comment","target":["https:\/\/www.digitalbuero.at\/content\/2021\/07\/26\/digitalisierung-in-oesterreich-fail\/#respond"]}]},{"@type":"WebPage","@id":"https:\/\/www.digitalbuero.at\/content\/2021\/07\/26\/digitalisierung-in-oesterreich-fail\/","url":"https:\/\/www.digitalbuero.at\/content\/2021\/07\/26\/digitalisierung-in-oesterreich-fail\/","name":"Digitalisierung in \u00d6sterreich, das n\u00e4chste Kapitel #FAIL - Thomas&#039; Blog","isPartOf":{"@id":"https:\/\/www.digitalbuero.at\/content\/#website"},"primaryImageOfPage":{"@id":"https:\/\/www.digitalbuero.at\/content\/2021\/07\/26\/digitalisierung-in-oesterreich-fail\/#primaryimage"},"image":{"@id":"https:\/\/www.digitalbuero.at\/content\/2021\/07\/26\/digitalisierung-in-oesterreich-fail\/#primaryimage"},"thumbnailUrl":"https:\/\/www.digitalbuero.at\/content\/wp-content\/uploads\/2021\/07\/digitalisierung-in-oesterreich-qr-code.jpg","datePublished":"2021-07-26T05:30:00+00:00","author":{"@id":"https:\/\/www.digitalbuero.at\/content\/#\/schema\/person\/7d7adc47b52b6c92021d3a5bce99592e"},"description":"Hm\u2026 das mit der Digitalisierung in \u00d6sterreich ist so eine Sache. Eine, die nicht ganz rund l\u00e4uft, wie auch dieser kleine Design #FAIL zeigt.","breadcrumb":{"@id":"https:\/\/www.digitalbuero.at\/content\/2021\/07\/26\/digitalisierung-in-oesterreich-fail\/#breadcrumb"},"inLanguage":"de","potentialAction":[{"@type":"ReadAction","target":["https:\/\/www.digitalbuero.at\/content\/2021\/07\/26\/digitalisierung-in-oesterreich-fail\/"]}]},{"@type":"ImageObject","inLanguage":"de","@id":"https:\/\/www.digitalbuero.at\/content\/2021\/07\/26\/digitalisierung-in-oesterreich-fail\/#primaryimage","url":"https:\/\/www.digitalbuero.at\/content\/wp-content\/uploads\/2021\/07\/digitalisierung-in-oesterreich-qr-code.jpg","contentUrl":"https:\/\/www.digitalbuero.at\/content\/wp-content\/uploads\/2021\/07\/digitalisierung-in-oesterreich-qr-code.jpg","width":1920,"height":1080,"caption":"Digitalisierung in \u00d6sterreich 2021"},{"@type":"BreadcrumbList","@id":"https:\/\/www.digitalbuero.at\/content\/2021\/07\/26\/digitalisierung-in-oesterreich-fail\/#breadcrumb","itemListElement":[{"@type":"ListItem","position":1,"name":"Startseite","item":"https:\/\/www.digitalbuero.at\/content\/"},{"@type":"ListItem","position":2,"name":"Kurioses","item":"https:\/\/www.digitalbuero.at\/content\/category\/kurioses\/"},{"@type":"ListItem","position":3,"name":"Digitalisierung in \u00d6sterreich, das n\u00e4chste Kapitel #FAIL"}]},{"@type":"WebSite","@id":"https:\/\/www.digitalbuero.at\/content\/#website","url":"https:\/\/www.digitalbuero.at\/content\/","name":"Thomas&#039; Blog","description":"Meine Gedanken verpackt in Null und Eins, 100% pers\u00f6nlich","potentialAction":[{"@type":"SearchAction","target":{"@type":"EntryPoint","urlTemplate":"https:\/\/www.digitalbuero.at\/content\/?s={search_term_string}"},"query-input":{"@type":"PropertyValueSpecification","valueRequired":true,"valueName":"search_term_string"}}],"inLanguage":"de"},{"@type":"Person","@id":"https:\/\/www.digitalbuero.at\/content\/#\/schema\/person\/7d7adc47b52b6c92021d3a5bce99592e","name":"Thomas Sommeregger","description":"Hallo, mein Name ist Thomas Sommeregger. Ich bin Betreiber sowie Haupt-Autor von Thomas' Blog. Meine Gedanken drehen sich hier recht breit um das Arbeits-, Familien- und Freizeitleben. Als Patchwork-Vater, Unternehmer und Hobby-Marathonl\u00e4ufer lebe ich in der Stadt Salzburg in \u00d6sterreich. Wenn dich Online Marketing, Unternehmertum, (Lauf-)Sport oder hin und wieder die eine oder andere Anekdote von mir interessieren, freue ich mich, wenn du mir weiter folgst.","sameAs":["https:\/\/www.digitalbuero.at","https:\/\/www.facebook.com\/digitalbuero.at","https:\/\/twitter.com\/tsommeregger","https:\/\/www.linkedin.com\/in\/thomassommeregger","https:\/\/x.com\/tsommeregger","https:\/\/soundcloud.com\/user-649426735"],"url":"https:\/\/www.digitalbuero.at\/content\/author\/thomas\/"}]}},"post_mailing_queue_ids":[],"_links":{"self":[{"href":"https:\/\/www.digitalbuero.at\/content\/wp-json\/wp\/v2\/posts\/1925","targetHints":{"allow":["GET"]}}],"collection":[{"href":"https:\/\/www.digitalbuero.at\/content\/wp-json\/wp\/v2\/posts"}],"about":[{"href":"https:\/\/www.digitalbuero.at\/content\/wp-json\/wp\/v2\/types\/post"}],"author":[{"embeddable":true,"href":"https:\/\/www.digitalbuero.at\/content\/wp-json\/wp\/v2\/users\/2"}],"replies":[{"embeddable":true,"href":"https:\/\/www.digitalbuero.at\/content\/wp-json\/wp\/v2\/comments?post=1925"}],"version-history":[{"count":0,"href":"https:\/\/www.digitalbuero.at\/content\/wp-json\/wp\/v2\/posts\/1925\/revisions"}],"wp:featuredmedia":[{"embeddable":true,"href":"https:\/\/www.digitalbuero.at\/content\/wp-json\/wp\/v2\/media\/1927"}],"wp:attachment":[{"href":"https:\/\/www.digitalbuero.at\/content\/wp-json\/wp\/v2\/media?parent=1925"}],"wp:term":[{"taxonomy":"category","embeddable":true,"href":"https:\/\/www.digitalbuero.at\/content\/wp-json\/wp\/v2\/categories?post=1925"},{"taxonomy":"post_tag","embeddable":true,"href":"https:\/\/www.digitalbuero.at\/content\/wp-json\/wp\/v2\/tags?post=1925"}],"curies":[{"name":"wp","href":"https:\/\/api.w.org\/{rel}","templated":true}]}}